{"id":23428,"date":"2021-02-10T13:35:23","date_gmt":"2021-02-10T19:35:23","guid":{"rendered":"https:\/\/www.zonaroja.com.mx\/?p=23428"},"modified":"2021-02-10T13:37:36","modified_gmt":"2021-02-10T19:37:36","slug":"gobierno-de-oaxaca-sin-resultados-favorables-para-el-pueblo-fpr","status":"publish","type":"post","link":"https:\/\/zonaroja.com.mx\/?p=23428","title":{"rendered":"Gobierno de Oaxaca sin resultados favorables para el pueblo: FPR"},"content":{"rendered":"\n<p>Evlin Arag\u00f3n\/Zona Roja. <\/p>\n\n\n\n<p>Oaxaca de Ju\u00e1rez, Oax., 10 de febrero de 2021.- A pesar de la campa\u00f1a publicitaria que realiza desde noviembre pasado el gobierno de Oaxaca, encabezado por Alejandro Murat Hinojosa, para dar a conocer los resultados de su cuarto informe de actividades, integrantes del Frente Popular Revolucionario (FPR), denunciaron que no hay avances visibles en beneficio del pueblo.  <\/p>\n\n\n\n<p>Dicha premisa, aseguran ha sido confirmada con la glosa del informe que han realizado, desde el pasado 26 de enero, funcionarias y funcionarios p\u00fablicos quienes no han podido limpiar la imagen de un gobierno gris, que poco o nada ha hecho ante la crisis sanitaria, econ\u00f3mica y de justicia, que vive la entidad.&nbsp;&nbsp;<\/p>\n\n\n\n<p>\u201cLa glosa del Cuarto Informe de Gobierno evidenci\u00f3 lo que desde noviembre del a\u00f1o pasado hemos denunciado: no hay un reconocimiento de la realidad que se viven en nuestro estado por parte de la administraci\u00f3n actual; es evidente que se maquilla la realidad de la crisis econ\u00f3mica, sanitaria y pol\u00edtica de Oaxaca\u201d. <\/p>\n\n\n\n<p>Lo anterior lo pusieron de manifiesto en un comunicado de prensa, donde ponen en duda la gobernabilidad y la paz social de la que habl\u00f3 Francisco Javier Garc\u00eda L\u00f3pez, titular de la Secretaria General de Gobierno, al argumentar que Oaxaca vive conflictos sociales importantes como el que se hizo visible en la zona triqui, que adem\u00e1s dej\u00f3 decenas de familias desplazadas y v\u00edctimas mortales.&nbsp;&nbsp;<\/p>\n\n\n\n<p>A ello se le suman los m\u00e1s de 100 conflictos agrario existente, las confrontaciones en San Mateo del Mar, as\u00ed como las constante agresiones entre San Juan Mixtepec y Santo Domingo Yoso\u00f1ama; y las m\u00e1s recientes entre Santa Mar\u00eda Pe\u00f1oles y San Felipe Tejalapa.&nbsp;<\/p>\n\n\n\n<p>De igual forma, lamentaron que la crisis de justicia e inseguridad que padece la entidad no haya sido abordada en el informe de la Secretar\u00eda de Seguridad P\u00fablica, cuyo titular, Ernesto Salcedo Rosales, omiti\u00f3 informar sobre las agresiones que han recibido las organizaciones sociales y de derechos humanos.&nbsp;<\/p>\n\n\n\n<p>\u201cOaxaca vive un incremento de la violencia, entre ellos el asesinato del compa\u00f1ero Tom\u00e1s Mart\u00ednez y a inicios de este a\u00f1o el de Fidel Heras, defensor de la tierra en el Paso de la Reyna. Oaxaca sigue en los primeros lugares de inseguridad y feminicidios, situaci\u00f3n muy lamentable\u201d, refieren.&nbsp;&nbsp;&nbsp;<\/p>\n\n\n\n<p>En materia econ\u00f3mica la situaci\u00f3n no es mejor, por el contrario, se incrementaron los despidos injustificados, la reducci\u00f3n de sueldos, la banca rota de peque\u00f1as empresas y la falta de proyectos productivos, mientras las autoridades de Finanzas y Econom\u00eda hacen caravana con sombrero ajeno al destacar los megaproyectos del gobierno federal.  <\/p>\n\n\n\n<p>As\u00ed mismo se\u00f1alaron el cinismo de los funcionarios, como ejemplo el secretario de Salud, Juan Carlos M\u00e1rquez, que asegur\u00f3 se han invertido m\u00e1s de 400 millones de pesos en infraestructura m\u00e9dica, hecho que no se refleja por ning\u00fan lado y por el contrario el sector presenta una serie de problem\u00e1ticas acumuladas a las que se suma la contingencia sanitaria.&nbsp;&nbsp;<\/p>\n\n\n\n<p>Por lo anterior hicieron un llamado al movimiento social sindical y popular para ponerse en pie y retomar la lucha unitaria, as\u00ed como exigir soluci\u00f3n a las necesidades de la clase trabajadora y de los Pueblos de Oaxaca. <\/p>\n","protected":false},"excerpt":{"rendered":"<p>Evlin Arag\u00f3n\/Zona Roja. Oaxaca de Ju\u00e1rez, Oax., 10 de febrero de 2021.- A pesar de&hellip;<\/p>\n","protected":false},"author":2,"featured_media":20017,"comment_status":"closed","ping_status":"open","sticky":false,"template":"","format":"standard","meta":{"_lmt_disableupdate":"","_lmt_disable":"","_jetpack_memberships_contains_paid_content":false,"footnotes":""},"categories":[109,47],"tags":[1687],"class_list":["post-23428","post","type-post","status-publish","format-standard","has-post-thumbnail","hentry","category-minuto-a-minuto","category-zona-gris","tag-frente-popular-revolucionario-fpr"],"jetpack_featured_media_url":"https:\/\/zonaroja.com.mx\/wp-content\/uploads\/2020\/11\/Marcha-FPR.jpg","jetpack_sharing_enabled":true,"_links":{"self":[{"href":"https:\/\/zonaroja.com.mx\/index.php?rest_route=\/wp\/v2\/posts\/23428","targetHints":{"allow":["GET"]}}],"collection":[{"href":"https:\/\/zonaroja.com.mx\/index.php?rest_route=\/wp\/v2\/posts"}],"about":[{"href":"https:\/\/zonaroja.com.mx\/index.php?rest_route=\/wp\/v2\/types\/post"}],"author":[{"embeddable":true,"href":"https:\/\/zonaroja.com.mx\/index.php?rest_route=\/wp\/v2\/users\/2"}],"replies":[{"embeddable":true,"href":"https:\/\/zonaroja.com.mx\/index.php?rest_route=%2Fwp%2Fv2%2Fcomments&post=23428"}],"version-history":[{"count":1,"href":"https:\/\/zonaroja.com.mx\/index.php?rest_route=\/wp\/v2\/posts\/23428\/revisions"}],"predecessor-version":[{"id":23429,"href":"https:\/\/zonaroja.com.mx\/index.php?rest_route=\/wp\/v2\/posts\/23428\/revisions\/23429"}],"wp:featuredmedia":[{"embeddable":true,"href":"https:\/\/zonaroja.com.mx\/index.php?rest_route=\/wp\/v2\/media\/20017"}],"wp:attachment":[{"href":"https:\/\/zonaroja.com.mx\/index.php?rest_route=%2Fwp%2Fv2%2Fmedia&parent=23428"}],"wp:term":[{"taxonomy":"category","embeddable":true,"href":"https:\/\/zonaroja.com.mx\/index.php?rest_route=%2Fwp%2Fv2%2Fcategories&post=23428"},{"taxonomy":"post_tag","embeddable":true,"href":"https:\/\/zonaroja.com.mx\/index.php?rest_route=%2Fwp%2Fv2%2Ftags&post=23428"}],"curies":[{"name":"wp","href":"https:\/\/api.w.org\/{rel}","templated":true}]}}