{"id":2343,"date":"2019-07-17T22:14:19","date_gmt":"2019-07-18T03:14:19","guid":{"rendered":"http:\/\/www.zonaroja.com.mx\/?p=2343"},"modified":"2019-07-17T22:14:21","modified_gmt":"2019-07-18T03:14:21","slug":"miercoles-rojo-en-oaxaca-un-secuestro-tres-homicidios-y-un-ataque-armado","status":"publish","type":"post","link":"https:\/\/zonaroja.com.mx\/?p=2343","title":{"rendered":"Mi\u00e9rcoles rojo en Oaxaca: un secuestro, tres homicidios y un ataque armado"},"content":{"rendered":"\n<p>Ismael\nGarc\u00eda M.<\/p>\n\n\n\n<p>Oaxaca de\nJu\u00e1rez, Oax., 17 de julio de 2019.- Adem\u00e1s del plagio del hijo de un empresario\nen la ciudad de Oaxaca, este mi\u00e9rcoles ocurrieron tres homicidios, adem\u00e1s de un\nataque armado, en distintas partes de la entidad.<\/p>\n\n\n\n<p>En San Juan\nBautista Tuxtepec, la tarde de hoy fue ultimada a balazos una persona el sexo\nmasculino, a un costado de un puente peatonal de la colonia Jardines del\nArroyo, ubicada en la carretera que comunica a esa ciudad con Jalapa de D\u00edas-<\/p>\n\n\n\n<p>En el lugar\nse hall\u00f3 tambi\u00e9n una motocicleta marca Suzuki, con placas de circulaci\u00f3n EN125\nHU, confirm\u00f3 la Vicefiscal\u00eda Regional de la Cuenca; hasta el momento la v\u00edctima\nno ha sido identificada y no hay personas detenidas.<\/p>\n\n\n\n<p>Por la\nma\u00f1ana, en el mismo municipio pero en el fraccionamiento El Santuario,\nperteneciente a casas GEO, fue atacado a balazos un individuo conocido como Steve\nSantiago Serrano, de oficio taxista; fue trasladado grave a un hospital, donde\na\u00fan convalece.<\/p>\n\n\n\n<p>Mientras\ntanto, la tarde de hoy en Ciudad Ixtepec, seg\u00fan datos de la Vicefiscal\u00eda\nRegional del Istmo, fue hallado el cad\u00e1ver de un presunto migrante\ncentroamericano, en un domicilio abandonado de la avenida Morelos de la colonia\nLa Estaci\u00f3n.<\/p>\n\n\n\n<p>La autoridad\nministerial investiga las causas del deceso, pues la persona se hallaba en\nestado de descomposici\u00f3n; fue llevado al descanso municipal para la necropsia\nde ley.<\/p>\n\n\n\n<p>Mientras que\nen Salina Cruz, una mujer identificada como Elia Mendoza Ram\u00edrez, de 58 a\u00f1os de\nedad, falleci\u00f3 presuntamente al caer de una escalera y golpearse la cabeza.<\/p>\n\n\n\n<p>El hecho\nocurri\u00f3 en la calle Coatzacoalcos del centro de esa ciudad, cerca del palacio\nmunicipal; la Vicefiscal\u00eda Regional del Istmo inici\u00f3 la Carpeta de\nInvestigaci\u00f3n correspondiente para deslindar responsabilidades.<\/p>\n","protected":false},"excerpt":{"rendered":"<p>Ismael Garc\u00eda M. Oaxaca de Ju\u00e1rez, Oax., 17 de julio de 2019.- Adem\u00e1s del plagio&hellip;<\/p>\n","protected":false},"author":2,"featured_media":0,"comment_status":"closed","ping_status":"open","sticky":false,"template":"","format":"standard","meta":{"_lmt_disableupdate":"","_lmt_disable":"","_jetpack_memberships_contains_paid_content":false,"footnotes":""},"categories":[109,51],"tags":[],"class_list":["post-2343","post","type-post","status-publish","format-standard","hentry","category-minuto-a-minuto","category-zona-roja"],"jetpack_featured_media_url":"","jetpack_sharing_enabled":true,"_links":{"self":[{"href":"https:\/\/zonaroja.com.mx\/index.php?rest_route=\/wp\/v2\/posts\/2343","targetHints":{"allow":["GET"]}}],"collection":[{"href":"https:\/\/zonaroja.com.mx\/index.php?rest_route=\/wp\/v2\/posts"}],"about":[{"href":"https:\/\/zonaroja.com.mx\/index.php?rest_route=\/wp\/v2\/types\/post"}],"author":[{"embeddable":true,"href":"https:\/\/zonaroja.com.mx\/index.php?rest_route=\/wp\/v2\/users\/2"}],"replies":[{"embeddable":true,"href":"https:\/\/zonaroja.com.mx\/index.php?rest_route=%2Fwp%2Fv2%2Fcomments&post=2343"}],"version-history":[{"count":1,"href":"https:\/\/zonaroja.com.mx\/index.php?rest_route=\/wp\/v2\/posts\/2343\/revisions"}],"predecessor-version":[{"id":2345,"href":"https:\/\/zonaroja.com.mx\/index.php?rest_route=\/wp\/v2\/posts\/2343\/revisions\/2345"}],"wp:attachment":[{"href":"https:\/\/zonaroja.com.mx\/index.php?rest_route=%2Fwp%2Fv2%2Fmedia&parent=2343"}],"wp:term":[{"taxonomy":"category","embeddable":true,"href":"https:\/\/zonaroja.com.mx\/index.php?rest_route=%2Fwp%2Fv2%2Fcategories&post=2343"},{"taxonomy":"post_tag","embeddable":true,"href":"https:\/\/zonaroja.com.mx\/index.php?rest_route=%2Fwp%2Fv2%2Ftags&post=2343"}],"curies":[{"name":"wp","href":"https:\/\/api.w.org\/{rel}","templated":true}]}}