{"id":23430,"date":"2021-02-10T14:51:50","date_gmt":"2021-02-10T20:51:50","guid":{"rendered":"http:\/\/www.zonaroja.com.mx\/?p=23430"},"modified":"2021-02-10T14:51:54","modified_gmt":"2021-02-10T20:51:54","slug":"con-apoyo-de-pintor-inicia-pago-a-trabajadores-del-maco-gobierno-ausente","status":"publish","type":"post","link":"https:\/\/zonaroja.com.mx\/?p=23430","title":{"rendered":"Con apoyo de pintor, inicia pago a trabajadores del MACO; gobierno, ausente"},"content":{"rendered":"\n<p>Yuridiana Sosa\/Zona Roja.<\/p>\n\n\n\n<p>Oaxaca de Ju\u00e1rez, Oax., 10 de febrero de 2021.- Con el donativo de un artista pl\u00e1stico oaxaque\u00f1o y tras una reuni\u00f3n con los trabajadores, la asociaci\u00f3n civil Amigos del MACO, del Museo de Arte Contempor\u00e1neo de Oaxaca, comenz\u00f3 con el pago de una parte de los salarios atrasados al personal de la instituci\u00f3n.<\/p>\n\n\n\n<p>Esta primera entrega se realiz\u00f3 en presencia de una notario p\u00fablico y del pintor Alberto Arag\u00f3n Reyes como testigo, quien otorg\u00f3 recursos para el cumplimiento de este compromiso con 19 trabajadores del MACO, a quienes no se les pagaba desde hace casi 10 meses.<\/p>\n\n\n\n<p>Para cumplir con el resto del salario, del cual no se precis\u00f3 el porcentaje restante &#8211;en esta ocasi\u00f3n el pago fue de unos 10 mil pesos por persona&#8211; se realizar\u00e1n subastas de algunas obras de artes para recaudar fondos, as\u00ed como se espera la contribuci\u00f3n de m\u00e1s donativos, inform\u00f3 el representante de la asociaci\u00f3n, Jos\u00e9 Luis Bustamante del Valle.<\/p>\n\n\n\n<figure class=\"wp-block-embed-twitter wp-block-embed is-type-rich is-provider-twitter\"><div class=\"wp-block-embed__wrapper\">\n<div class=\"twitter-tweet\"><blockquote class=\"twitter-tweet\" data-lang=\"es\"><p lang=\"es\" dir=\"ltr\"><a href=\"https:\/\/twitter.com\/hashtag\/%C3%9AltimoMinuto?src=hash&amp;ref_src=twsrc%5Etfw\">#\u00daltimoMinuto<\/a> <br>(1) Concluye la reuni\u00f3n de trabajo del asociaci\u00f3n civil Amigos del MACO con trabajadores del <a href=\"https:\/\/twitter.com\/MACOaxaca?ref_src=twsrc%5Etfw\">@MACOaxaca<\/a> e inicia el pago parcial, de los adeudos salariales. <a href=\"https:\/\/t.co\/L6fzankfEI\">pic.twitter.com\/L6fzankfEI<\/a><\/p>&mdash; Zona Roja Oaxaca (@Zona_Roja_Oax) <a href=\"https:\/\/twitter.com\/Zona_Roja_Oax\/status\/1359567503278673920?ref_src=twsrc%5Etfw\">10 de febrero de 2021<\/a><\/blockquote><\/div>\n<\/div><\/figure>\n\n\n\n<p>Desde el mes de diciembre, los trabajadores del Museo, que fund\u00f3 el fallecido pintor Francisco Toledo, comenzaron con una jornada de protesta para denunciar que la asociaci\u00f3n se negaba a cumplir el pago de sus salarios atrasados por ocho meses.<\/p>\n\n\n\n<p>La crisis empeor\u00f3 el pasado 29 de enero, cuando el personal se\u00f1al\u00f3 que integrantes de la directiva de Amigos del MACO intentaron un desalojo a los manifestantes, quienes se atrincheraron para evitar la acci\u00f3n apoyada por elementos de seguridad p\u00fablica.<\/p>\n\n\n\n<p>En el conflicto intervinieron diputados locales, sociedad civil y organizaciones defensores de derechos humanos que respaldaban la lucha y derechos de los trabajadores, mientras que la Secretar\u00eda de las Culturas de Oaxaca se deslind\u00f3 del conflicto y s\u00f3lo emiti\u00f3 el deseo de una pronta soluci\u00f3n a favor de la cultura y artes en la entidad.<\/p>\n\n\n\n<p>En la reuni\u00f3n de esta ma\u00f1ana efectuada en la sede del MACO, no hubo presencia de ning\u00fan representante por parte del Gobierno del Estado.<\/p>\n\n\n\n<figure class=\"wp-block-embed-twitter wp-block-embed is-type-rich is-provider-twitter\"><div class=\"wp-block-embed__wrapper\">\n<div class=\"twitter-tweet\"><blockquote class=\"twitter-tweet\" data-lang=\"es\"><p lang=\"es\" dir=\"ltr\"><a href=\"https:\/\/twitter.com\/hashtag\/%C3%9AltimoMinuto?src=hash&amp;ref_src=twsrc%5Etfw\">#\u00daltimoMinuto<\/a> <br>(2) As\u00ed inici\u00f3 el pago parcial del sueldo de 19 trabajadores del <a href=\"https:\/\/twitter.com\/MACOaxaca?ref_src=twsrc%5Etfw\">@MACOaxaca<\/a>, con el donativo de un pintor oaxaque\u00f1o. <a href=\"https:\/\/t.co\/CHnUy5sMKh\">pic.twitter.com\/CHnUy5sMKh<\/a><\/p>&mdash; Zona Roja Oaxaca (@Zona_Roja_Oax) <a href=\"https:\/\/twitter.com\/Zona_Roja_Oax\/status\/1359573719748902914?ref_src=twsrc%5Etfw\">10 de febrero de 2021<\/a><\/blockquote><\/div>\n<\/div><\/figure>\n","protected":false},"excerpt":{"rendered":"<p>Yuridiana Sosa\/Zona Roja. Oaxaca de Ju\u00e1rez, Oax., 10 de febrero de 2021.- Con el donativo&hellip;<\/p>\n","protected":false},"author":2,"featured_media":23431,"comment_status":"closed","ping_status":"open","sticky":false,"template":"","format":"standard","meta":{"_lmt_disableupdate":"","_lmt_disable":"","_jetpack_memberships_contains_paid_content":false,"footnotes":""},"categories":[109,47],"tags":[2298],"class_list":["post-23430","post","type-post","status-publish","format-standard","has-post-thumbnail","hentry","category-minuto-a-minuto","category-zona-gris","tag-museo-de-arte-contemporaneo-de-oaxaca-maco"],"jetpack_featured_media_url":"https:\/\/zonaroja.com.mx\/wp-content\/uploads\/2021\/02\/Pago-trabajadores-MACO.jpg","jetpack_sharing_enabled":true,"_links":{"self":[{"href":"https:\/\/zonaroja.com.mx\/index.php?rest_route=\/wp\/v2\/posts\/23430","targetHints":{"allow":["GET"]}}],"collection":[{"href":"https:\/\/zonaroja.com.mx\/index.php?rest_route=\/wp\/v2\/posts"}],"about":[{"href":"https:\/\/zonaroja.com.mx\/index.php?rest_route=\/wp\/v2\/types\/post"}],"author":[{"embeddable":true,"href":"https:\/\/zonaroja.com.mx\/index.php?rest_route=\/wp\/v2\/users\/2"}],"replies":[{"embeddable":true,"href":"https:\/\/zonaroja.com.mx\/index.php?rest_route=%2Fwp%2Fv2%2Fcomments&post=23430"}],"version-history":[{"count":1,"href":"https:\/\/zonaroja.com.mx\/index.php?rest_route=\/wp\/v2\/posts\/23430\/revisions"}],"predecessor-version":[{"id":23432,"href":"https:\/\/zonaroja.com.mx\/index.php?rest_route=\/wp\/v2\/posts\/23430\/revisions\/23432"}],"wp:featuredmedia":[{"embeddable":true,"href":"https:\/\/zonaroja.com.mx\/index.php?rest_route=\/wp\/v2\/media\/23431"}],"wp:attachment":[{"href":"https:\/\/zonaroja.com.mx\/index.php?rest_route=%2Fwp%2Fv2%2Fmedia&parent=23430"}],"wp:term":[{"taxonomy":"category","embeddable":true,"href":"https:\/\/zonaroja.com.mx\/index.php?rest_route=%2Fwp%2Fv2%2Fcategories&post=23430"},{"taxonomy":"post_tag","embeddable":true,"href":"https:\/\/zonaroja.com.mx\/index.php?rest_route=%2Fwp%2Fv2%2Ftags&post=23430"}],"curies":[{"name":"wp","href":"https:\/\/api.w.org\/{rel}","templated":true}]}}