{"id":23434,"date":"2021-02-10T16:05:19","date_gmt":"2021-02-10T22:05:19","guid":{"rendered":"http:\/\/www.zonaroja.com.mx\/?p=23434"},"modified":"2021-02-10T16:45:57","modified_gmt":"2021-02-10T22:45:57","slug":"pide-articulo-19-iniciar-la-busqueda-de-comunicador-oaxaqueno","status":"publish","type":"post","link":"https:\/\/zonaroja.com.mx\/?p=23434","title":{"rendered":"Pide Art\u00edculo 19 iniciar la b\u00fasqueda de comunicador oaxaque\u00f1o"},"content":{"rendered":"\n<p>Evlin Arag\u00f3n\/Zona Roja.<\/p>\n\n\n\n<p>Oaxaca de Ju\u00e1rez, Oax., 10 de febrero de 2021.- En medio de interrogantes con respecto al caso, la organizaci\u00f3n Art\u00edculo 19 se dio por enterada sobre la desaparici\u00f3n del comunicador oaxaque\u00f1o Edgar Leyva Mendoza, director del medio de comunicaci\u00f3n digital \u201cUrbano 24 Horas\u201d, y pidi\u00f3 a las autoridades competentes iniciar la b\u00fasqueda.&nbsp;<\/p>\n\n\n\n<p>Lo hizo a trav\u00e9s de sus redes sociales, donde asegur\u00f3 que cuentan con la informaci\u00f3n de la no localizaci\u00f3n del reportero y su se\u00f1ora madre Elia Mendoza, desde el pasado 3 de febrero, luego de recibir amenazas y ser agredido en un ataque armado en el que fallecieron su hermana y su t\u00eda.&nbsp;<\/p>\n\n\n\n<p>\u201cSe sabe que previo a su desaparici\u00f3n, el periodista fue amenazado de muerte y posteriormente agredido por dos hombres con arma de fuego, acto en el que su hermana Rosa Isela y su t\u00eda Bernarda fueron asesinadas\u201d, refiere el organismo en su cuenta de Twitter.&nbsp;<\/p>\n\n\n\n<p>Por lo anterior, Art\u00edculo 19 exigi\u00f3 a la Comisi\u00f3n Nacional de B\u00fasqueda de Personas Desaparecidas en M\u00e9xico, coordinarse con las autoridades de los gobiernos federal y estatal de Oaxaca, as\u00ed como de los estados aleda\u00f1os, para iniciar las indagaciones de su paradero y el de su madre, de manera inmediata.<\/p>\n\n\n\n<p>As\u00ed mismo, inst\u00f3 a la Secretar\u00eda de Gobernaci\u00f3n para que a trav\u00e9s del Mecanismo para la Protecci\u00f3n de Personas Defensoras de Derechos Humanos y Periodistas garanticen la integridad de Edgar Leyva y su familia, tras el ataque del que ya fue v\u00edctima.&nbsp;<\/p>\n\n\n\n<p>Finalmente hizo un llamado a la Fiscal\u00eda General del Estado de Oaxaca para que, en coordinaci\u00f3n de la Fiscal\u00eda Especial para la Atenci\u00f3n de Delitos cometidos contra la Libertad de Expresi\u00f3n, dependiente de la FGR, investiguen los delitos cometidos contra la v\u00edctima, tomando en cuenta como principal l\u00ednea de investigaci\u00f3n su labor period\u00edstica.&nbsp;&nbsp;<\/p>\n\n\n\n<p>Fue el pasado mi\u00e9rcoles 3 de febrero en Ocotl\u00e1n de Morelos, en que fueron ultimadas con impacto de arma de fuego las se\u00f1oras Bernarda R. D., de 54 a\u00f1os de edad, e Isela L. M., de 36 a\u00f1os, hermana y t\u00eda del periodista, quien sali\u00f3 ileso del ataque.<\/p>\n\n\n\n<p>Posterior a ello, el pasado 8 de febrero se difundi\u00f3 la muerte del comunicador, en inmediaciones del Tuxpan, Veracruz, a donde presuntamente hab\u00eda huido luego del ataque del que fueron v\u00edctimas sus familiares.&nbsp;<\/p>\n\n\n\n<p>Sin embargo, lo anterior fue desmentido por el gobernador de Veracruz, Cuitl\u00e1huac Garc\u00eda, quien asegur\u00f3 que el ataque en el que habr\u00eda fallecido el periodista nunca ocurri\u00f3.<\/p>\n\n\n\n<p>Lo anterior deja a\u00fan m\u00e1s interrogantes, siendo lo \u00fanico real la no localizaci\u00f3n de Edgar Leyva Mendoza y Elia Mendoza quienes, hasta el d\u00eda de hoy, se encuentran en calidad de desaparecidos.&nbsp; Sus familiares y conocidos tampoco han dado informaci\u00f3n respecto a su paradero.<\/p>\n","protected":false},"excerpt":{"rendered":"<p>Evlin Arag\u00f3n\/Zona Roja. Oaxaca de Ju\u00e1rez, Oax., 10 de febrero de 2021.- En medio de&hellip;<\/p>\n","protected":false},"author":2,"featured_media":23441,"comment_status":"closed","ping_status":"open","sticky":false,"template":"","format":"standard","meta":{"_lmt_disableupdate":"","_lmt_disable":"","_jetpack_memberships_contains_paid_content":false,"footnotes":""},"categories":[109,47],"tags":[2440],"class_list":["post-23434","post","type-post","status-publish","format-standard","has-post-thumbnail","hentry","category-minuto-a-minuto","category-zona-gris","tag-edgar-leyva-mendoza"],"jetpack_featured_media_url":"https:\/\/zonaroja.com.mx\/wp-content\/uploads\/2021\/02\/img_1816.jpg","jetpack_sharing_enabled":true,"_links":{"self":[{"href":"https:\/\/zonaroja.com.mx\/index.php?rest_route=\/wp\/v2\/posts\/23434","targetHints":{"allow":["GET"]}}],"collection":[{"href":"https:\/\/zonaroja.com.mx\/index.php?rest_route=\/wp\/v2\/posts"}],"about":[{"href":"https:\/\/zonaroja.com.mx\/index.php?rest_route=\/wp\/v2\/types\/post"}],"author":[{"embeddable":true,"href":"https:\/\/zonaroja.com.mx\/index.php?rest_route=\/wp\/v2\/users\/2"}],"replies":[{"embeddable":true,"href":"https:\/\/zonaroja.com.mx\/index.php?rest_route=%2Fwp%2Fv2%2Fcomments&post=23434"}],"version-history":[{"count":1,"href":"https:\/\/zonaroja.com.mx\/index.php?rest_route=\/wp\/v2\/posts\/23434\/revisions"}],"predecessor-version":[{"id":23435,"href":"https:\/\/zonaroja.com.mx\/index.php?rest_route=\/wp\/v2\/posts\/23434\/revisions\/23435"}],"wp:featuredmedia":[{"embeddable":true,"href":"https:\/\/zonaroja.com.mx\/index.php?rest_route=\/wp\/v2\/media\/23441"}],"wp:attachment":[{"href":"https:\/\/zonaroja.com.mx\/index.php?rest_route=%2Fwp%2Fv2%2Fmedia&parent=23434"}],"wp:term":[{"taxonomy":"category","embeddable":true,"href":"https:\/\/zonaroja.com.mx\/index.php?rest_route=%2Fwp%2Fv2%2Fcategories&post=23434"},{"taxonomy":"post_tag","embeddable":true,"href":"https:\/\/zonaroja.com.mx\/index.php?rest_route=%2Fwp%2Fv2%2Ftags&post=23434"}],"curies":[{"name":"wp","href":"https:\/\/api.w.org\/{rel}","templated":true}]}}