{"id":23438,"date":"2021-02-10T16:18:13","date_gmt":"2021-02-10T22:18:13","guid":{"rendered":"http:\/\/www.zonaroja.com.mx\/?p=23438"},"modified":"2021-02-10T16:44:32","modified_gmt":"2021-02-10T22:44:32","slug":"denuncian-omision-de-semaedeso-para-rescatar-cerros-emblematicos-de-oaxaca","status":"publish","type":"post","link":"https:\/\/zonaroja.com.mx\/?p=23438","title":{"rendered":"Denuncian omisi\u00f3n de Semaedeso para rescatar cerros emblem\u00e1ticos de Oaxaca"},"content":{"rendered":"\n<p>Yuridiana Sosa\/Zona Roja.<\/p>\n\n\n\n<p>Oaxaca de Ju\u00e1rez, Oax., 10 de febrero de 2021.- La asociaci\u00f3n civil, \u201cColmillo Blanco\u201d de Oaxaca denunci\u00f3 negligencia del titular de la Secretar\u00eda del Medio Ambiente, Energ\u00edas y Desarrollo Sustentable (Semaedeso), Samuel Gurri\u00f3n Mat\u00edas, para realizar trabajos en favor de los cerros del \u201cFort\u00edn\u201d y del \u201cCrest\u00f3n\u201d, por lo que exigieron que el gobierno federal intervenga.<\/p>\n\n\n\n<p>El presidente de la agrupaci\u00f3n ambientalista y animalista, Carlos Alberto Morales, se\u00f1al\u00f3 que el pasado 12 de marzo se reunieron con el funcionario estatal para entregarle una serie de propuestas de actividades para ayudar al medio ambiente en esos entornos, pero el plan fue ignorado y ahora el secretario no los recibe para darle seguimiento al tema.<\/p>\n\n\n\n<p>En conferencia de prensa, frente a las instalaciones de la Defensor\u00eda de los Derechos Humanos, el representante de \u201cColmillo Blanco\u201d, demand\u00f3 al organismo defensor su intervenci\u00f3n para que los ayude a que la Comisi\u00f3n Nacional de \u00c1reas Naturales Protegidas (Conanp) pueda atraer la protecci\u00f3n del Parque Estatal del Cerro del Fort\u00edn.<\/p>\n\n\n\n<figure class=\"wp-block-embed-twitter wp-block-embed is-type-rich is-provider-twitter\"><div class=\"wp-block-embed__wrapper\">\n<div class=\"twitter-tweet\"><blockquote class=\"twitter-tweet\" data-lang=\"es\"><p lang=\"es\" dir=\"ltr\"><a href=\"https:\/\/twitter.com\/hashtag\/ENVIVO?src=hash&amp;ref_src=twsrc%5Etfw\">#ENVIVO<\/a> <br>Oaxaca de Ju\u00e1rez, Oax., 10 de febrero de 2021.- Conferencia de prensa de la asociaci\u00f3n \u201cColmillo Blanco\u201d, que denuncia nulas acciones de la <a href=\"https:\/\/twitter.com\/SEMAEDESO?ref_src=twsrc%5Etfw\">@SEMAEDESO<\/a> para proteger el cerro del \u201cFort\u00edn\u201d de la ciudad de Oaxaca. <br>Aqu\u00ed la transmisi\u00f3n <br>\ud83d\udc47<a href=\"https:\/\/t.co\/lmDdBhoslw\">https:\/\/t.co\/lmDdBhoslw<\/a> <a href=\"https:\/\/t.co\/P1hBIQuaVA\">pic.twitter.com\/P1hBIQuaVA<\/a><\/p>&mdash; Zona Roja Oaxaca (@Zona_Roja_Oax) <a href=\"https:\/\/twitter.com\/Zona_Roja_Oax\/status\/1359537794083872775?ref_src=twsrc%5Etfw\">10 de febrero de 2021<\/a><\/blockquote><\/div>\n<\/div><\/figure>\n\n\n\n<p>\u201cNo cumple con lo b\u00e1sico (la Semaedeso), que es cuidar nuestras \u00e1reas naturales y alrededor de la ciudad. Ya se demostr\u00f3 que el Gobierno del Estado no cuenta con la capacidad para hacerlo y el principal argumento siempre es que no hay dinero\u201d, dijo.<\/p>\n\n\n\n<p>Adem\u00e1s, solicit\u00f3 a la Comisi\u00f3n de Medio Ambiente del Congreso de Oaxaca, ante la que tambi\u00e9n presentaron las propuestas, obligue al secretario Samuel Gurri\u00f3n a cumplir con los planteamientos de la asociaci\u00f3n.<\/p>\n\n\n\n<p>Pues, agreg\u00f3, como sociedad civil organizada han realizado actividades de reforestaci\u00f3n en algunas \u00e1reas, pero falta mucho m\u00e1s trabajo y de la intervenci\u00f3n de autoridades con recursos, disponibilidad de personal y especialistas.<\/p>\n\n\n\n<p>Entre las propuestas que se presentaron fue que la Secretar\u00eda convoque a la renovaci\u00f3n de los consejos t\u00e9cnicos asesores, pero ni hecho ha realizado. En el caso del cerro del \u201cFort\u00edn\u201d, dijo que desde el 1994 no se renueve y hasta el momento tambi\u00e9n se desconoce el trabajo de ese equipo.<\/p>\n","protected":false},"excerpt":{"rendered":"<p>Yuridiana Sosa\/Zona Roja. Oaxaca de Ju\u00e1rez, Oax., 10 de febrero de 2021.- La asociaci\u00f3n civil,&hellip;<\/p>\n","protected":false},"author":2,"featured_media":23440,"comment_status":"closed","ping_status":"open","sticky":false,"template":"","format":"standard","meta":{"_lmt_disableupdate":"","_lmt_disable":"","_jetpack_memberships_contains_paid_content":false,"footnotes":""},"categories":[109,47],"tags":[1395],"class_list":["post-23438","post","type-post","status-publish","format-standard","has-post-thumbnail","hentry","category-minuto-a-minuto","category-zona-gris","tag-samuel-gurrion-matias"],"jetpack_featured_media_url":"https:\/\/zonaroja.com.mx\/wp-content\/uploads\/2021\/02\/ed4b4fe9-8154-4c3d-afaa-fb2c05532a91.jpg","jetpack_sharing_enabled":true,"_links":{"self":[{"href":"https:\/\/zonaroja.com.mx\/index.php?rest_route=\/wp\/v2\/posts\/23438","targetHints":{"allow":["GET"]}}],"collection":[{"href":"https:\/\/zonaroja.com.mx\/index.php?rest_route=\/wp\/v2\/posts"}],"about":[{"href":"https:\/\/zonaroja.com.mx\/index.php?rest_route=\/wp\/v2\/types\/post"}],"author":[{"embeddable":true,"href":"https:\/\/zonaroja.com.mx\/index.php?rest_route=\/wp\/v2\/users\/2"}],"replies":[{"embeddable":true,"href":"https:\/\/zonaroja.com.mx\/index.php?rest_route=%2Fwp%2Fv2%2Fcomments&post=23438"}],"version-history":[{"count":1,"href":"https:\/\/zonaroja.com.mx\/index.php?rest_route=\/wp\/v2\/posts\/23438\/revisions"}],"predecessor-version":[{"id":23439,"href":"https:\/\/zonaroja.com.mx\/index.php?rest_route=\/wp\/v2\/posts\/23438\/revisions\/23439"}],"wp:featuredmedia":[{"embeddable":true,"href":"https:\/\/zonaroja.com.mx\/index.php?rest_route=\/wp\/v2\/media\/23440"}],"wp:attachment":[{"href":"https:\/\/zonaroja.com.mx\/index.php?rest_route=%2Fwp%2Fv2%2Fmedia&parent=23438"}],"wp:term":[{"taxonomy":"category","embeddable":true,"href":"https:\/\/zonaroja.com.mx\/index.php?rest_route=%2Fwp%2Fv2%2Fcategories&post=23438"},{"taxonomy":"post_tag","embeddable":true,"href":"https:\/\/zonaroja.com.mx\/index.php?rest_route=%2Fwp%2Fv2%2Ftags&post=23438"}],"curies":[{"name":"wp","href":"https:\/\/api.w.org\/{rel}","templated":true}]}}