{"id":23453,"date":"2021-02-10T22:19:19","date_gmt":"2021-02-11T04:19:19","guid":{"rendered":"http:\/\/www.zonaroja.com.mx\/?p=23453"},"modified":"2021-02-10T22:19:23","modified_gmt":"2021-02-11T04:19:23","slug":"registra-oaxaca-tres-personas-asesinadas-entre-ellas-un-empresario","status":"publish","type":"post","link":"https:\/\/zonaroja.com.mx\/?p=23453","title":{"rendered":"Registra Oaxaca tres personas asesinadas, entre ellas un empresario"},"content":{"rendered":"\n<p>Ismael Garc\u00eda M.\/Zona Roja.<\/p>\n\n\n\n<p>Oaxaca de Ju\u00e1rez, Oax., 10 de febrero de 2021.- Tres personas fueron sido asesinadas este mi\u00e9rcoles en Oaxaca, por disparos de arma de fuego, una de ellas empresario.<\/p>\n\n\n\n<p>Esta noche, en Juchit\u00e1n de Zaragoza sujetos armados ingresaron a un domicilio de la calle San Vicente de la Quinta Secci\u00f3n, para cometer un robo; la v\u00edctima, Juan Guerra, comerciante y due\u00f1o del sal\u00f3n de fiestas \u201cNa Reyna\u201d, opuso resistencia, por lo cual fue baleado y trasladado a una cl\u00ednica, donde perdi\u00f3 la vida.<\/p>\n\n\n\n<p>Hasta el momento no hay personas detenidas por este crimen.<\/p>\n\n\n\n<p>Mientras tanto, por la ma\u00f1ana, en la comunidad Rancho San Felipe G\u00fcil\u00e1, fue atacado a balazos un polic\u00eda de San Lucas Quiavin\u00ed, municipio de la regi\u00f3n Valles Centrales de Oaxaca.<\/p>\n\n\n\n<p>Se trata de dos presuntos agresores, que se dieron a la fuga, por lo cual la autoridad municipal pidi\u00f3 el auxilio de las corporaciones policiaas.<\/p>\n\n\n\n<p>A su vez, en la carretera federal 200, a la altura de San Isidro, localidad de San Pedro Pochutla, alrededor de las 07:00 horas fue asesinado un individuo, que fue identificado como \u00c9lfego Garc\u00eda.<\/p>\n\n\n\n<p>El hoy occiso viajaba en una motocicleta cuando fue atacado a balazos; fue trasladado a un hospital pero muri\u00f3 en el trayecto; en este caso tampoco hay personas detenidas.<\/p>\n\n\n\n<p>Mientras tanto, pobladores de San Andr\u00e9s Yutat\u00edo, del municipio de Tezoatl\u00e1n de Segura y Luna, retuvieron hoy a tres elementos de la Agencia Estatal de Investigaciones, dependiente de la Fiscal\u00eda General del Estado.<\/p>\n\n\n\n<p>Lo anterior para exigir atenci\u00f3n por parte de la Fiscal\u00eda y del Gobierno del Estado, a fin de se decrete el ejercicio de la no acci\u00f3n penal en contra de seis de sus ciudadanos.<\/p>\n","protected":false},"excerpt":{"rendered":"<p>Ismael Garc\u00eda M.\/Zona Roja. Oaxaca de Ju\u00e1rez, Oax., 10 de febrero de 2021.- Tres personas&hellip;<\/p>\n","protected":false},"author":2,"featured_media":7486,"comment_status":"closed","ping_status":"open","sticky":false,"template":"","format":"standard","meta":{"_lmt_disableupdate":"","_lmt_disable":"","_jetpack_memberships_contains_paid_content":false,"footnotes":""},"categories":[109,51],"tags":[664,123],"class_list":["post-23453","post","type-post","status-publish","format-standard","has-post-thumbnail","hentry","category-minuto-a-minuto","category-zona-roja","tag-homicidios-oaxaca","tag-juchitan-de-zaragoza"],"jetpack_featured_media_url":"https:\/\/zonaroja.com.mx\/wp-content\/uploads\/2020\/01\/Escena-del-crimen7.jpg","jetpack_sharing_enabled":true,"_links":{"self":[{"href":"https:\/\/zonaroja.com.mx\/index.php?rest_route=\/wp\/v2\/posts\/23453","targetHints":{"allow":["GET"]}}],"collection":[{"href":"https:\/\/zonaroja.com.mx\/index.php?rest_route=\/wp\/v2\/posts"}],"about":[{"href":"https:\/\/zonaroja.com.mx\/index.php?rest_route=\/wp\/v2\/types\/post"}],"author":[{"embeddable":true,"href":"https:\/\/zonaroja.com.mx\/index.php?rest_route=\/wp\/v2\/users\/2"}],"replies":[{"embeddable":true,"href":"https:\/\/zonaroja.com.mx\/index.php?rest_route=%2Fwp%2Fv2%2Fcomments&post=23453"}],"version-history":[{"count":1,"href":"https:\/\/zonaroja.com.mx\/index.php?rest_route=\/wp\/v2\/posts\/23453\/revisions"}],"predecessor-version":[{"id":23454,"href":"https:\/\/zonaroja.com.mx\/index.php?rest_route=\/wp\/v2\/posts\/23453\/revisions\/23454"}],"wp:featuredmedia":[{"embeddable":true,"href":"https:\/\/zonaroja.com.mx\/index.php?rest_route=\/wp\/v2\/media\/7486"}],"wp:attachment":[{"href":"https:\/\/zonaroja.com.mx\/index.php?rest_route=%2Fwp%2Fv2%2Fmedia&parent=23453"}],"wp:term":[{"taxonomy":"category","embeddable":true,"href":"https:\/\/zonaroja.com.mx\/index.php?rest_route=%2Fwp%2Fv2%2Fcategories&post=23453"},{"taxonomy":"post_tag","embeddable":true,"href":"https:\/\/zonaroja.com.mx\/index.php?rest_route=%2Fwp%2Fv2%2Ftags&post=23453"}],"curies":[{"name":"wp","href":"https:\/\/api.w.org\/{rel}","templated":true}]}}