{"id":23458,"date":"2021-02-11T07:38:54","date_gmt":"2021-02-11T13:38:54","guid":{"rendered":"http:\/\/www.zonaroja.com.mx\/?p=23458"},"modified":"2021-02-11T07:38:57","modified_gmt":"2021-02-11T13:38:57","slug":"no-cesa-desaparicion-de-mujeres-en-oaxaca-tres-reportes-en-24-horas","status":"publish","type":"post","link":"https:\/\/zonaroja.com.mx\/?p=23458","title":{"rendered":"No cesa desaparici\u00f3n de mujeres en Oaxaca; tres reportes en 24 horas"},"content":{"rendered":"\n<p>Yuridiana Sosa\/Zona Roja.<\/p>\n\n\n\n<p>Oaxaca de Ju\u00e1rez, Oax., 11 de febrero de 2021.- En menos de un d\u00eda, la Unidad de B\u00fasqueda de Personas Desaparecidas y No Localizadas de la Fiscal\u00eda General de Oaxaca, report\u00f3 la desaparici\u00f3n de tres j\u00f3venes mujeres, dos de ellas menores de edad.<\/p>\n\n\n\n<p>La tarde de ayer mi\u00e9rcoles, la instancia dependiente de la Fiscal\u00eda General del Estado dio a conocer la no localizaci\u00f3n de Laura Dayana Abonce Ju\u00e1rez, de 16 a\u00f1os, vista por \u00faltima vez el 9 de febrero en la colonia La Moderna, del municipio de San Juan Bautista Tuxtepec, en la regi\u00f3n de la Cuenca.<\/p>\n\n\n\n<p>Horas antes, tambi\u00e9n se report\u00f3 la desaparici\u00f3n de otra adolescente de 16 a\u00f1os, en el municipio de San Pedro Pochutla, en la Costa de la entidad.<\/p>\n\n\n\n<p>La familia y las autoridades piden la colaboraci\u00f3n de la poblaci\u00f3n en general para localizar a Carmen Borja Almaraz, quien fue vista desde el pasado 3 de febrero en la comunidad de Comala; es decir, su desaparici\u00f3n ocurri\u00f3 hace una semana, y es hasta este 10 de febrero que se lanz\u00f3 su ficha de b\u00fasqueda.<\/p>\n\n\n\n<p>Otra de las fichas recientes, publicadas por la DNOL la tarde del martes, es para encontrar a Jareth Sulset Gonz\u00e1lez Guill\u00e9n, de 18 a\u00f1os de edad.<\/p>\n\n\n\n<p>La joven desapareci\u00f3 desde el pasado 8 de febrero luego de ser vista por \u00faltima vez en la colonia Centro de la capital oaxaque\u00f1a.<\/p>\n\n\n\n<p>Desafortunadamente, la ciudadan\u00eda en la capital padece cada vez m\u00e1s de la falta de seguridad p\u00fablica municipal.<\/p>\n\n\n\n<p>Mientras que desde hace m\u00e1s de una semana se encuentra activa la ficha de b\u00fasqueda para localizar a una mujer de la tercera edad.<\/p>\n\n\n\n<p>Las autoridades estatales dieron a conocer la no localizaci\u00f3n de Consuelo Cruz Cruz, de 85 a\u00f1os de edad, vista por \u00faltima vez el 2 de febrero en el municipio de San Pablo Yaganiza, del distrito de Villa Alta, de la regi\u00f3n de la Sierra Norte.<\/p>\n","protected":false},"excerpt":{"rendered":"<p>Yuridiana Sosa\/Zona Roja. Oaxaca de Ju\u00e1rez, Oax., 11 de febrero de 2021.- En menos de&hellip;<\/p>\n","protected":false},"author":2,"featured_media":23459,"comment_status":"closed","ping_status":"open","sticky":false,"template":"","format":"standard","meta":{"_lmt_disableupdate":"","_lmt_disable":"","_jetpack_memberships_contains_paid_content":false,"footnotes":""},"categories":[109,47],"tags":[455],"class_list":["post-23458","post","type-post","status-publish","format-standard","has-post-thumbnail","hentry","category-minuto-a-minuto","category-zona-gris","tag-mujeres-desaparecidas-oaxaca"],"jetpack_featured_media_url":"https:\/\/zonaroja.com.mx\/wp-content\/uploads\/2021\/02\/Mujeres-desaparecidas-Oaxaca.jpg","jetpack_sharing_enabled":true,"_links":{"self":[{"href":"https:\/\/zonaroja.com.mx\/index.php?rest_route=\/wp\/v2\/posts\/23458","targetHints":{"allow":["GET"]}}],"collection":[{"href":"https:\/\/zonaroja.com.mx\/index.php?rest_route=\/wp\/v2\/posts"}],"about":[{"href":"https:\/\/zonaroja.com.mx\/index.php?rest_route=\/wp\/v2\/types\/post"}],"author":[{"embeddable":true,"href":"https:\/\/zonaroja.com.mx\/index.php?rest_route=\/wp\/v2\/users\/2"}],"replies":[{"embeddable":true,"href":"https:\/\/zonaroja.com.mx\/index.php?rest_route=%2Fwp%2Fv2%2Fcomments&post=23458"}],"version-history":[{"count":1,"href":"https:\/\/zonaroja.com.mx\/index.php?rest_route=\/wp\/v2\/posts\/23458\/revisions"}],"predecessor-version":[{"id":23460,"href":"https:\/\/zonaroja.com.mx\/index.php?rest_route=\/wp\/v2\/posts\/23458\/revisions\/23460"}],"wp:featuredmedia":[{"embeddable":true,"href":"https:\/\/zonaroja.com.mx\/index.php?rest_route=\/wp\/v2\/media\/23459"}],"wp:attachment":[{"href":"https:\/\/zonaroja.com.mx\/index.php?rest_route=%2Fwp%2Fv2%2Fmedia&parent=23458"}],"wp:term":[{"taxonomy":"category","embeddable":true,"href":"https:\/\/zonaroja.com.mx\/index.php?rest_route=%2Fwp%2Fv2%2Fcategories&post=23458"},{"taxonomy":"post_tag","embeddable":true,"href":"https:\/\/zonaroja.com.mx\/index.php?rest_route=%2Fwp%2Fv2%2Ftags&post=23458"}],"curies":[{"name":"wp","href":"https:\/\/api.w.org\/{rel}","templated":true}]}}