{"id":23461,"date":"2021-02-11T07:48:21","date_gmt":"2021-02-11T13:48:21","guid":{"rendered":"http:\/\/www.zonaroja.com.mx\/?p=23461"},"modified":"2021-02-11T07:48:24","modified_gmt":"2021-02-11T13:48:24","slug":"humanidad-y-justicia-motivos-de-donacion-del-artista-plastico-para-el-maco","status":"publish","type":"post","link":"https:\/\/zonaroja.com.mx\/?p=23461","title":{"rendered":"Humanidad y justicia, motivos de donaci\u00f3n del artista pl\u00e1stico para el MACO"},"content":{"rendered":"\n<p>Yuridiana Sosa\/Zona Roja.<\/p>\n\n\n\n<p>Oaxaca de Ju\u00e1rez, Oax., 11 de febrero de 2021.- Para el artista pl\u00e1stico oaxaque\u00f1o Alberto Arag\u00f3n Reyes, fue imposible ignorar la situaci\u00f3n que padece el Museo de Arte Contempor\u00e1neo de Oaxaca.<\/p>\n\n\n\n<p>La crisis del MACO, ante el cierre por la contingencia sanitaria que afect\u00f3 de manera directa a casi una veintena de trabajadores, fue atendida por el pintor y escultor, quien adem\u00e1s de entregar una donaci\u00f3n, tambi\u00e9n dar\u00e1 vida al lugar con una exposici\u00f3n.<\/p>\n\n\n\n<p>\u201cLa pandemia nos ha obligado a replantear muchas cosas, como artista, esa exposici\u00f3n postergada y la situaci\u00f3n del Museo me movi\u00f3. Me considero una persona humanista, siempre pongo atenci\u00f3n, me interesa la justicia, pues, por ejemplo, que en el caso del Museo que se resuelva y apoyar a la comunidad art\u00edstica. Este este espacio es muy importante para la comunidad\u201d, expres\u00f3 el artista pl\u00e1stico.<\/p>\n\n\n\n<p>Explic\u00f3 que la exposici\u00f3n que se instalar\u00e1 pr\u00f3ximamente en el MACO es parte de una galer\u00eda planeada para una gira en Europa durante el 2021 y 2020, pero que por la pandemia se ha pospuesta la fecha, por lo que al ver la situaci\u00f3n del Museo en Oaxaca, decidi\u00f3 montarla en ese espacio y con eso contribuir a la reactivaci\u00f3n.<\/p>\n\n\n\n<p>El creador de talla internacional reconoci\u00f3 que a\u00fan faltan recursos para terminar de pagar a los trabajadores del Museo, pero consider\u00f3 que durante la contingencia \u201ces importante hacer hincapi\u00e9 en crear comunidad, apoyo entre todos para salir adelante entre todos\u201d.<\/p>\n\n\n\n<figure class=\"wp-block-embed-twitter wp-block-embed is-type-rich is-provider-twitter\"><div class=\"wp-block-embed__wrapper\">\n<div class=\"twitter-tweet\"><blockquote class=\"twitter-tweet\" data-lang=\"es\"><p lang=\"es\" dir=\"ltr\">(3) Fue con la donaci\u00f3n del artista pl\u00e1stico Alberto Arag\u00f3n Reyes como se cubri\u00f3 este mi\u00e9rcoles parte del salario de los trabajadores del <a href=\"https:\/\/twitter.com\/MACOaxaca?ref_src=twsrc%5Etfw\">@MACOaxaca<\/a>; as\u00ed lo explica en entrevista: <a href=\"https:\/\/t.co\/j1hlW2zl2J\">pic.twitter.com\/j1hlW2zl2J<\/a><\/p>&mdash; Zona Roja Oaxaca (@Zona_Roja_Oax) <a href=\"https:\/\/twitter.com\/Zona_Roja_Oax\/status\/1359579216342310913?ref_src=twsrc%5Etfw\">10 de febrero de 2021<\/a><\/blockquote><\/div>\n<\/div><\/figure>\n\n\n\n<p>Desde el arte, dijo, la pandemia tambi\u00e9n da oportunidad a que los artistas plasmen lo que sucede, que transmita lo que vive en su \u00e9poca, que interprete el suceso aportando desde este \u00e1mbito su testimonio.<\/p>\n\n\n\n<p>Alberto Arag\u00f3n Reyes, comenz\u00f3 su trayectoria como pintor y escultor en 1998 por medio del aprendizaje autodidaxis. A partir del a\u00f1o 2000 comenz\u00f3 a viajar con frecuencia al continente europeo, donde cuenta con una gran trayectoria.<\/p>\n\n\n\n<p>Sus proyectos art\u00edsticos comprenden monumentos y obra mural en pa\u00edses como Dinamarca, Rep\u00fablica Checa, Espa\u00f1a, Suecia, Noruega, Estados Unidos, Palestina e Israel, entre otros.<\/p>\n\n\n\n<p>En 2009 fund\u00f3 la Galer\u00eda Holos con sede en la ciudad de Xalapa, Veracruz.<\/p>\n\n\n\n<p>En Oaxaca ha realizado algunas exposiciones como \u201cSustancia oculta\u201d en 2019; en 2014, \u201cPorque la vida es sagrada\u201d, en la Galer\u00eda de Arte Oaxaca y en 2004 la galer\u00eda \u201cAzomally\u201d.<\/p>\n\n\n\n<p>Cuenta con m\u00e1s de 20 exposiciones individuales en varias partes del mundo y M\u00e9xico.<\/p>\n","protected":false},"excerpt":{"rendered":"<p>Yuridiana Sosa\/Zona Roja. Oaxaca de Ju\u00e1rez, Oax., 11 de febrero de 2021.- Para el artista&hellip;<\/p>\n","protected":false},"author":2,"featured_media":23462,"comment_status":"closed","ping_status":"open","sticky":false,"template":"","format":"standard","meta":{"_lmt_disableupdate":"","_lmt_disable":"","_jetpack_memberships_contains_paid_content":false,"footnotes":""},"categories":[109,46],"tags":[2443],"class_list":["post-23461","post","type-post","status-publish","format-standard","has-post-thumbnail","hentry","category-minuto-a-minuto","category-zona-blanca","tag-alberto-aragon-reyes"],"jetpack_featured_media_url":"https:\/\/zonaroja.com.mx\/wp-content\/uploads\/2021\/02\/Alberto-Aragon-Reyes.jpg","jetpack_sharing_enabled":true,"_links":{"self":[{"href":"https:\/\/zonaroja.com.mx\/index.php?rest_route=\/wp\/v2\/posts\/23461","targetHints":{"allow":["GET"]}}],"collection":[{"href":"https:\/\/zonaroja.com.mx\/index.php?rest_route=\/wp\/v2\/posts"}],"about":[{"href":"https:\/\/zonaroja.com.mx\/index.php?rest_route=\/wp\/v2\/types\/post"}],"author":[{"embeddable":true,"href":"https:\/\/zonaroja.com.mx\/index.php?rest_route=\/wp\/v2\/users\/2"}],"replies":[{"embeddable":true,"href":"https:\/\/zonaroja.com.mx\/index.php?rest_route=%2Fwp%2Fv2%2Fcomments&post=23461"}],"version-history":[{"count":1,"href":"https:\/\/zonaroja.com.mx\/index.php?rest_route=\/wp\/v2\/posts\/23461\/revisions"}],"predecessor-version":[{"id":23463,"href":"https:\/\/zonaroja.com.mx\/index.php?rest_route=\/wp\/v2\/posts\/23461\/revisions\/23463"}],"wp:featuredmedia":[{"embeddable":true,"href":"https:\/\/zonaroja.com.mx\/index.php?rest_route=\/wp\/v2\/media\/23462"}],"wp:attachment":[{"href":"https:\/\/zonaroja.com.mx\/index.php?rest_route=%2Fwp%2Fv2%2Fmedia&parent=23461"}],"wp:term":[{"taxonomy":"category","embeddable":true,"href":"https:\/\/zonaroja.com.mx\/index.php?rest_route=%2Fwp%2Fv2%2Fcategories&post=23461"},{"taxonomy":"post_tag","embeddable":true,"href":"https:\/\/zonaroja.com.mx\/index.php?rest_route=%2Fwp%2Fv2%2Ftags&post=23461"}],"curies":[{"name":"wp","href":"https:\/\/api.w.org\/{rel}","templated":true}]}}