{"id":23464,"date":"2021-02-11T08:01:22","date_gmt":"2021-02-11T14:01:22","guid":{"rendered":"http:\/\/www.zonaroja.com.mx\/?p=23464"},"modified":"2021-02-11T08:01:26","modified_gmt":"2021-02-11T14:01:26","slug":"incesante-violencia-criminal-en-jalisco-ejecutan-a-cinco-jovenes","status":"publish","type":"post","link":"https:\/\/zonaroja.com.mx\/?p=23464","title":{"rendered":"Incesante violencia criminal en Jalisco; ejecutan a cinco j\u00f3venes"},"content":{"rendered":"\n<p>Redacci\u00f3n\/Zona Roja Cdmx.<\/p>\n\n\n\n<p>Ciudad de M\u00e9xico, 11 de febrero de 2021.- La zona metropolitana de Guadalajara, Jalisco, se cimbr\u00f3 ayer por segunda vez en esta semana a causa de la violencia, cuando cinco j\u00f3venes fueron asesinados en Tlaquepaque.<\/p>\n\n\n\n<p>Apenas el lunes pasado, en el restaurante Otates, en Zapopan, ocurri\u00f3 una balacera que dej\u00f3 un saldo de tres heridos y un muerto.<\/p>\n\n\n\n<p>Alrededor de las 13:30 horas de este mi\u00e9rcoles, al menos cinco j\u00f3venes de entre 20 y 25 a\u00f1os fueron asesinados por pistoleros, sin que la fiscal\u00eda del estado tenga pistas.<\/p>\n\n\n\n<p>En un comunicado, la instituci\u00f3n precis\u00f3 que su personal acudi\u00f3 a una casa improvisada sobre un predio en la calle Morelos, entre Mariano Azuela y Guillermo Prieto, donde fueron localizados tres hombres y una mujer con disparos en la cabeza.<\/p>\n\n\n\n<p>En el mismo ataque, otra mujer y un hombre resultaron heridos y fueron trasladados a los servicios m\u00e9dicos municipales, pero momentos despu\u00e9s el masculino perdi\u00f3 la vida.<\/p>\n\n\n\n<p>La Fiscal\u00eda no menciona cu\u00e1ntos eran los agresores o si llegaron en veh\u00edculos. Tampoco explica qu\u00e9 hac\u00edan seis j\u00f3venes en esa casa improvisada.<\/p>\n\n\n\n<p>La polic\u00eda de Tlaquepaque, cuya comisar\u00eda est\u00e1 a menos de dos kil\u00f3metros del lugar del multihomicidio, tampoco ha ofrecido datos precisos.<\/p>\n\n\n\n<p>En tanto, el gobernador Enrique Alfaro sigue sin hablar de asuntos de seguridad p\u00fablica desde el domingo, luego de que la semana pasada public\u00f3 mensajes en sus redes sociales para presumir una baja en diversos delitos patrimoniales.<\/p>\n\n\n\n<p>TAMBI\u00c9N ZACATECAS<\/p>\n\n\n\n<p>En Zacatecas, un enfrentamiento entre presuntos integrantes de los c\u00e1rteles de Sinaloa y Jalisco Nueva generaci\u00f3n en la ciudad de Jerez y su periferia, la madrugada del mi\u00e9rcoles, dej\u00f3 dos personas muertas, cinco veh\u00edculos abandonados, dos de ellos incendiados, y dos casas tiroteadas, informaron autoridades.<\/p>\n\n\n\n<p>Agregaron que en la refriega, que dur\u00f3 unos 40 minutos, hubo persecuciones en las colonias que circundan el barrio de San Isidro y la comunidad rural de Los Cardos, en la periferia de la ciudad de Jerez. Adem\u00e1s de armas largas, los pistoleros utilizaron granadas.<\/p>\n\n\n\n<p>Uno de los ataques fue perpetrado en la calle Adolfo L\u00f3pez Mateos, donde qued\u00f3 un autom\u00f3vil baleado e incendiado, al igual que una camioneta pick-up de doble cabina. En la misma zona fue localizada una Suburban baleada, adem\u00e1s de un veh\u00edculo blanco y una unidad Chevrolet color arena, tambi\u00e9n con varios impactos de arma de fuego.<\/p>\n\n\n\n<p>MORELOS IGUAL<\/p>\n\n\n\n<p>En tanto, ocho personas murieron abatidas a tiros en las \u00faltimas 24 horas en los municipios de Fresnillo, Guadalupe, Morelos y la capital del estado.<\/p>\n\n\n\n<p>(Informaci\u00f3n del diario \u201cLa Jornada\u201d)<\/p>\n","protected":false},"excerpt":{"rendered":"<p>Redacci\u00f3n\/Zona Roja Cdmx. Ciudad de M\u00e9xico, 11 de febrero de 2021.- La zona metropolitana de&hellip;<\/p>\n","protected":false},"author":2,"featured_media":23465,"comment_status":"closed","ping_status":"open","sticky":false,"template":"","format":"standard","meta":{"_lmt_disableupdate":"","_lmt_disable":"","_jetpack_memberships_contains_paid_content":false,"footnotes":""},"categories":[109,51],"tags":[2444],"class_list":["post-23464","post","type-post","status-publish","format-standard","has-post-thumbnail","hentry","category-minuto-a-minuto","category-zona-roja","tag-tlaquepaque-jalisco"],"jetpack_featured_media_url":"https:\/\/zonaroja.com.mx\/wp-content\/uploads\/2021\/02\/Asesinados-Tlaquepaque.jpg","jetpack_sharing_enabled":true,"_links":{"self":[{"href":"https:\/\/zonaroja.com.mx\/index.php?rest_route=\/wp\/v2\/posts\/23464","targetHints":{"allow":["GET"]}}],"collection":[{"href":"https:\/\/zonaroja.com.mx\/index.php?rest_route=\/wp\/v2\/posts"}],"about":[{"href":"https:\/\/zonaroja.com.mx\/index.php?rest_route=\/wp\/v2\/types\/post"}],"author":[{"embeddable":true,"href":"https:\/\/zonaroja.com.mx\/index.php?rest_route=\/wp\/v2\/users\/2"}],"replies":[{"embeddable":true,"href":"https:\/\/zonaroja.com.mx\/index.php?rest_route=%2Fwp%2Fv2%2Fcomments&post=23464"}],"version-history":[{"count":1,"href":"https:\/\/zonaroja.com.mx\/index.php?rest_route=\/wp\/v2\/posts\/23464\/revisions"}],"predecessor-version":[{"id":23466,"href":"https:\/\/zonaroja.com.mx\/index.php?rest_route=\/wp\/v2\/posts\/23464\/revisions\/23466"}],"wp:featuredmedia":[{"embeddable":true,"href":"https:\/\/zonaroja.com.mx\/index.php?rest_route=\/wp\/v2\/media\/23465"}],"wp:attachment":[{"href":"https:\/\/zonaroja.com.mx\/index.php?rest_route=%2Fwp%2Fv2%2Fmedia&parent=23464"}],"wp:term":[{"taxonomy":"category","embeddable":true,"href":"https:\/\/zonaroja.com.mx\/index.php?rest_route=%2Fwp%2Fv2%2Fcategories&post=23464"},{"taxonomy":"post_tag","embeddable":true,"href":"https:\/\/zonaroja.com.mx\/index.php?rest_route=%2Fwp%2Fv2%2Ftags&post=23464"}],"curies":[{"name":"wp","href":"https:\/\/api.w.org\/{rel}","templated":true}]}}