{"id":23469,"date":"2021-02-11T08:41:36","date_gmt":"2021-02-11T14:41:36","guid":{"rendered":"http:\/\/www.zonaroja.com.mx\/?p=23469"},"modified":"2021-02-11T08:41:39","modified_gmt":"2021-02-11T14:41:39","slug":"grave-inseguridad-en-la-capital-dos-asaltados-y-heridos-ayer","status":"publish","type":"post","link":"https:\/\/zonaroja.com.mx\/?p=23469","title":{"rendered":"Grave inseguridad en la capital: dos asaltados y heridos, ayer"},"content":{"rendered":"\n<p>Redacci\u00f3n\/Zona Roja.<\/p>\n\n\n\n<p>Oaxaca de Ju\u00e1rez, Oax., 11 de febrero de 2021.- La nula presencia policiaca por parte del ayuntamiento de Oaxaca de Ju\u00e1rez gener\u00f3 ayer de nuevo hechos violentos, con dos asaltos y dos personas heridas.<\/p>\n\n\n\n<p>Alrededor de las 13:00 horas de este mi\u00e9rcoles, dos sujetos que a bordo de una motocicleta interceptaron a Marcos M., de 30 a\u00f1os de edad, que transitaba con un cami\u00f3n repartidor de gas LP en la colonia Cuauht\u00e9moc, en la agencia municipal de Santa Rosa Panzacola.<\/p>\n\n\n\n<p>Al circular en la calle Primera Poniente y tomar Santa Amalia, fue interceptado por presuntos delincuentes, que le ordenaron entregar el dinero y objetos de valor. Al tratar de oponer resistencia, fue atacado a balazos y por lo cual qued\u00f3 lesionado, en tanto los maleantes huyeron.<\/p>\n\n\n\n<p>La v\u00edctima fue atendida por param\u00e9dicos de la Cruz Roja y trasladado al hospital del Instituto Mexicano del Seguro Social, donde qued\u00f3 encamado.<\/p>\n\n\n\n<p>OTRO M\u00c1S<\/p>\n\n\n\n<p>Por la noche, otra persona del sexo masculino fue atacado con arma blanca cuando intento recuperar su mochila que le fue robada en el Perif\u00e9rico, frente al Mercado de Abasto.<\/p>\n\n\n\n<p>Edwin S. de 23 a\u00f1os de edad, se encontraba en la terminal de camiones en el Perif\u00e9rico esquina con Trujano, con la finalidad de abordad la unidad de pasaje que lo trasladar\u00eda a la poblaci\u00f3n de Reyes, Etla.<\/p>\n\n\n\n<p>Al abordar el cami\u00f3n fue interceptado por los asaltantes, quienes le quitaron la mochila y se echaron a correr.<\/p>\n\n\n\n<p>El obrero decidi\u00f3 bajar el cami\u00f3n y tratar de detener al presunto ladr\u00f3n, por lo cual empez\u00f3 a correr tras \u00e9l.<\/p>\n\n\n\n<p>Pero el delincuente, al darse cuenta que iba a ser alcanzado, decidi\u00f3 atacar a Edwin, a quien lesion\u00f3 en la pierna derecha y logr\u00f3 huir con el bot\u00edn.<\/p>\n\n\n\n<p>Personal param\u00e9dico de la Cruz Roja acudi\u00f3 al lugar, donde atendi\u00f3 a Edwin y lo trasladaron al hospital del Instituto Mexicano del Seguro Social, donde qued\u00f3 encamado y su estado de salud es reportado como estable.<\/p>\n\n\n\n<figure class=\"wp-block-image size-large\"><img decoding=\"async\" width=\"960\" height=\"540\" src=\"http:\/\/www.zonaroja.com.mx\/wp-content\/uploads\/2021\/02\/Asaltado-ciudad-de-Oaxaca.jpg\" alt=\"\" class=\"wp-image-23471\" srcset=\"https:\/\/zonaroja.com.mx\/wp-content\/uploads\/2021\/02\/Asaltado-ciudad-de-Oaxaca.jpg 960w, https:\/\/zonaroja.com.mx\/wp-content\/uploads\/2021\/02\/Asaltado-ciudad-de-Oaxaca-300x169.jpg 300w, https:\/\/zonaroja.com.mx\/wp-content\/uploads\/2021\/02\/Asaltado-ciudad-de-Oaxaca-768x432.jpg 768w, https:\/\/zonaroja.com.mx\/wp-content\/uploads\/2021\/02\/Asaltado-ciudad-de-Oaxaca-585x329.jpg 585w\" sizes=\"(max-width: 960px) 100vw, 960px\" \/><\/figure>\n","protected":false},"excerpt":{"rendered":"<p>Redacci\u00f3n\/Zona Roja. Oaxaca de Ju\u00e1rez, Oax., 11 de febrero de 2021.- La nula presencia policiaca&hellip;<\/p>\n","protected":false},"author":2,"featured_media":23470,"comment_status":"closed","ping_status":"open","sticky":false,"template":"","format":"standard","meta":{"_lmt_disableupdate":"","_lmt_disable":"","_jetpack_memberships_contains_paid_content":false,"footnotes":""},"categories":[109,47],"tags":[148],"class_list":["post-23469","post","type-post","status-publish","format-standard","has-post-thumbnail","hentry","category-minuto-a-minuto","category-zona-gris","tag-oaxaca-de-juarez"],"jetpack_featured_media_url":"https:\/\/zonaroja.com.mx\/wp-content\/uploads\/2021\/02\/Asaltado-ciudad-capital.png","jetpack_sharing_enabled":true,"_links":{"self":[{"href":"https:\/\/zonaroja.com.mx\/index.php?rest_route=\/wp\/v2\/posts\/23469","targetHints":{"allow":["GET"]}}],"collection":[{"href":"https:\/\/zonaroja.com.mx\/index.php?rest_route=\/wp\/v2\/posts"}],"about":[{"href":"https:\/\/zonaroja.com.mx\/index.php?rest_route=\/wp\/v2\/types\/post"}],"author":[{"embeddable":true,"href":"https:\/\/zonaroja.com.mx\/index.php?rest_route=\/wp\/v2\/users\/2"}],"replies":[{"embeddable":true,"href":"https:\/\/zonaroja.com.mx\/index.php?rest_route=%2Fwp%2Fv2%2Fcomments&post=23469"}],"version-history":[{"count":1,"href":"https:\/\/zonaroja.com.mx\/index.php?rest_route=\/wp\/v2\/posts\/23469\/revisions"}],"predecessor-version":[{"id":23472,"href":"https:\/\/zonaroja.com.mx\/index.php?rest_route=\/wp\/v2\/posts\/23469\/revisions\/23472"}],"wp:featuredmedia":[{"embeddable":true,"href":"https:\/\/zonaroja.com.mx\/index.php?rest_route=\/wp\/v2\/media\/23470"}],"wp:attachment":[{"href":"https:\/\/zonaroja.com.mx\/index.php?rest_route=%2Fwp%2Fv2%2Fmedia&parent=23469"}],"wp:term":[{"taxonomy":"category","embeddable":true,"href":"https:\/\/zonaroja.com.mx\/index.php?rest_route=%2Fwp%2Fv2%2Fcategories&post=23469"},{"taxonomy":"post_tag","embeddable":true,"href":"https:\/\/zonaroja.com.mx\/index.php?rest_route=%2Fwp%2Fv2%2Ftags&post=23469"}],"curies":[{"name":"wp","href":"https:\/\/api.w.org\/{rel}","templated":true}]}}