{"id":2347,"date":"2019-07-18T07:22:25","date_gmt":"2019-07-18T12:22:25","guid":{"rendered":"http:\/\/www.zonaroja.com.mx\/?p=2347"},"modified":"2019-07-18T07:22:27","modified_gmt":"2019-07-18T12:22:27","slug":"desoye-titular-de-los-sso-donato-casas-denuncia-de-acoso","status":"publish","type":"post","link":"https:\/\/zonaroja.com.mx\/?p=2347","title":{"rendered":"Desoye titular de los SSO, Donato Casas, denuncia de acoso"},"content":{"rendered":"\n<p>Redacci\u00f3n<\/p>\n\n\n\n<p>Oaxaca de\nJu\u00e1rez, Oax., 18 de julio de 2019.- Desde hace m\u00e1s de un a\u00f1o, la trabajadora de\nlos Servicios de Salud de Oaxaca, Marlene Ju\u00e1rez Castellanos, ha denunciado\nabusos de autoridad, acoso y violencia por raz\u00f3n de g\u00e9nero.<\/p>\n\n\n\n<p>Sin embargo,\na la fecha, el titular de la dependencia, Donato Casas Escamilla, se ha negado\na atender el reclamo y ordenar una investigaci\u00f3n, para proceder en contra de\nlos funcionarios se\u00f1alados.<\/p>\n\n\n\n<p>Horas\ndespu\u00e9s de iniciar una solitaria protesta en el exterior de una oficina ubicada\nen la calle Heroica Escuela Naval Militar, colonia Reforma de la ciudad de\nOaxaca, la afectada confirm\u00f3 que las autoridades del sector salud siguen\ncerradas a indagar el caso.<\/p>\n\n\n\n<p>Seg\u00fan\ndenunci\u00f3, con cartulina en mano, quienes la han acosado y hostigado laboralmente\nson el director de Administraci\u00f3n, Gustavo Ruiz Garnica; del jefe de Unidad de\nServicios de Personal, Vladimir Santos Pineda, y de la coordinadora General de\nTelemedicina, Lucina Ocampo.<\/p>\n\n\n\n<p>A esta\n\u00faltima, responsable del \u00e1rea donde labora, la acus\u00f3 de ejercer en su contra\nactos de hostigamiento y acoso laboral, mientras que a sus familiares y amigos\nles otorga beneficios.<\/p>\n\n\n\n<p>Dio a\nconocer que present\u00f3 una queja en la Defensor\u00eda de los Derechos Humanos del\nPueblo de Oaxaca (DDHPO) y ante otras instancias en los Servicios de Salud,\npero no ha sido atendida.&nbsp; <\/p>\n\n\n\n<p>La mujer\nlabora desde hace varios a\u00f1os en la Coordinaci\u00f3n General de Telemedicina, donde\nasegur\u00f3 que enfrenta diversos impedimentos para realizar su labor.<\/p>\n\n\n\n<p>Adem\u00e0s, ha recibido agresiones f\u00edsicas y psicol\u00f3gicas, e incluso le han retenido o retrasado el pago de sus salarios.<\/p>\n\n\n\n<figure class=\"wp-block-embed-twitter wp-block-embed is-type-rich is-provider-twitter\"><div class=\"wp-block-embed__wrapper\">\n<div class=\"twitter-tweet\"><blockquote class=\"twitter-tweet\" data-lang=\"es\"><p lang=\"es\" dir=\"ltr\"><a href=\"https:\/\/twitter.com\/hashtag\/OaxacaGris?src=hash&amp;ref_src=twsrc%5Etfw\">#OaxacaGris<\/a><br>En los <a href=\"https:\/\/twitter.com\/SSO_GobOax?ref_src=twsrc%5Etfw\">@SSO_GobOax<\/a>, hostigamiento, acoso laboral, retraso en el pago, denuncia trabajadora. Y titular de dependencia, <a href=\"https:\/\/twitter.com\/Donato_Casas?ref_src=twsrc%5Etfw\">@Donato_Casas<\/a>, no hace nada, acusa. <a href=\"https:\/\/t.co\/xGv77aWu4c\">pic.twitter.com\/xGv77aWu4c<\/a><\/p>&mdash; Zona Roja Oaxaca (@MexRoja) <a href=\"https:\/\/twitter.com\/MexRoja\/status\/1151514244493524993?ref_src=twsrc%5Etfw\">17 de julio de 2019<\/a><\/blockquote><\/div>\n<\/div><\/figure>\n","protected":false},"excerpt":{"rendered":"<p>Redacci\u00f3n Oaxaca de Ju\u00e1rez, Oax., 18 de julio de 2019.- Desde hace m\u00e1s de un&hellip;<\/p>\n","protected":false},"author":2,"featured_media":2348,"comment_status":"closed","ping_status":"open","sticky":false,"template":"","format":"standard","meta":{"_lmt_disableupdate":"","_lmt_disable":"","_jetpack_memberships_contains_paid_content":false,"footnotes":""},"categories":[109,47],"tags":[362],"class_list":["post-2347","post","type-post","status-publish","format-standard","has-post-thumbnail","hentry","category-minuto-a-minuto","category-zona-gris","tag-denuncia-marlene-juarez-castellanos-servicios-de-salud"],"jetpack_featured_media_url":"https:\/\/zonaroja.com.mx\/wp-content\/uploads\/2019\/07\/IMG_0320.jpg","jetpack_sharing_enabled":true,"_links":{"self":[{"href":"https:\/\/zonaroja.com.mx\/index.php?rest_route=\/wp\/v2\/posts\/2347","targetHints":{"allow":["GET"]}}],"collection":[{"href":"https:\/\/zonaroja.com.mx\/index.php?rest_route=\/wp\/v2\/posts"}],"about":[{"href":"https:\/\/zonaroja.com.mx\/index.php?rest_route=\/wp\/v2\/types\/post"}],"author":[{"embeddable":true,"href":"https:\/\/zonaroja.com.mx\/index.php?rest_route=\/wp\/v2\/users\/2"}],"replies":[{"embeddable":true,"href":"https:\/\/zonaroja.com.mx\/index.php?rest_route=%2Fwp%2Fv2%2Fcomments&post=2347"}],"version-history":[{"count":1,"href":"https:\/\/zonaroja.com.mx\/index.php?rest_route=\/wp\/v2\/posts\/2347\/revisions"}],"predecessor-version":[{"id":2349,"href":"https:\/\/zonaroja.com.mx\/index.php?rest_route=\/wp\/v2\/posts\/2347\/revisions\/2349"}],"wp:featuredmedia":[{"embeddable":true,"href":"https:\/\/zonaroja.com.mx\/index.php?rest_route=\/wp\/v2\/media\/2348"}],"wp:attachment":[{"href":"https:\/\/zonaroja.com.mx\/index.php?rest_route=%2Fwp%2Fv2%2Fmedia&parent=2347"}],"wp:term":[{"taxonomy":"category","embeddable":true,"href":"https:\/\/zonaroja.com.mx\/index.php?rest_route=%2Fwp%2Fv2%2Fcategories&post=2347"},{"taxonomy":"post_tag","embeddable":true,"href":"https:\/\/zonaroja.com.mx\/index.php?rest_route=%2Fwp%2Fv2%2Ftags&post=2347"}],"curies":[{"name":"wp","href":"https:\/\/api.w.org\/{rel}","templated":true}]}}