{"id":23476,"date":"2021-02-11T11:29:44","date_gmt":"2021-02-11T17:29:44","guid":{"rendered":"http:\/\/www.zonaroja.com.mx\/?p=23476"},"modified":"2021-02-11T11:29:48","modified_gmt":"2021-02-11T17:29:48","slug":"familia-de-comerciante-asesinado-en-tuxtepec-exige-justicia-denuncia-omision-de-fgeo","status":"publish","type":"post","link":"https:\/\/zonaroja.com.mx\/?p=23476","title":{"rendered":"Familia de comerciante asesinado en Tuxtepec exige justicia; denuncia omisi\u00f3n de FGEO"},"content":{"rendered":"\n<p>Yuridiana Sosa\/Zona Roja.<\/p>\n\n\n\n<p>San Juan Bautista Tuxtepec, Oax., 11 de febrero de 2021.- Familiares de un comerciante asesinado en la v\u00eda p\u00fablica el pasado 6 de febrero en la ciudad de Tuxtepec, exigieron a la Fiscal\u00eda General de Oaxaca justicia y denunciaron omisi\u00f3n en la investigaci\u00f3n del caso.<\/p>\n\n\n\n<p>A trav\u00e9s de Facebook, la hija de la v\u00edctima identificado como Nabor C. P., acus\u00f3 que las autoridades de procuraci\u00f3n de justicia han omitido los datos ofrecidos sobre el agresor, mismo que fue identificado por el hombre minutos antes de morir.<\/p>\n\n\n\n<p>Nabor, vendedor de miel, fue atacado con un arma blanca en la colonia Santa Fe, en zona del primer cuadro de la ciudad, el pasado s\u00e1bado 6 de febrero; el hombre perdi\u00f3 la vida en el mismo lugar del ataque, sin lograr ser trasladado a servicios m\u00e9dicos.<\/p>\n\n\n\n<p>\u201cMe duele mucho escribir esto, pero el asesino de mi padre sigue libre y las autoridades no hacen nada por detenerlo\u201d, indic\u00f3 la joven mujer en el texto publicado este mi\u00e9rcoles.<\/p>\n\n\n\n<p>La hija de la v\u00edctima denunci\u00f3 que la Fiscal\u00eda de Oaxaca no ha avanzado en el caso a pesar que existen testigos y c\u00e1maras de seguridad que dan detalles de los hechos, adem\u00e1s, que el hombre alcanz\u00f3 a decir quien lo atac\u00f3.<\/p>\n\n\n\n<p>\u201cEs una pena tener que lidiar con este tipo de ineficiencia de parte de las autoridades, lo \u00fanico que estamos exigiendo es justicia para mi padre\u201d, se\u00f1al\u00f3 la joven identificada como Melisa.<\/p>\n","protected":false},"excerpt":{"rendered":"<p>Yuridiana Sosa\/Zona Roja. San Juan Bautista Tuxtepec, Oax., 11 de febrero de 2021.- Familiares de&hellip;<\/p>\n","protected":false},"author":2,"featured_media":23289,"comment_status":"closed","ping_status":"open","sticky":false,"template":"","format":"standard","meta":{"_lmt_disableupdate":"","_lmt_disable":"","_jetpack_memberships_contains_paid_content":false,"footnotes":""},"categories":[109,47],"tags":[118],"class_list":["post-23476","post","type-post","status-publish","format-standard","has-post-thumbnail","hentry","category-minuto-a-minuto","category-zona-gris","tag-san-juan-bautista-tuxtepec"],"jetpack_featured_media_url":"https:\/\/zonaroja.com.mx\/wp-content\/uploads\/2021\/02\/ASesinado-Tux.jpg","jetpack_sharing_enabled":true,"_links":{"self":[{"href":"https:\/\/zonaroja.com.mx\/index.php?rest_route=\/wp\/v2\/posts\/23476","targetHints":{"allow":["GET"]}}],"collection":[{"href":"https:\/\/zonaroja.com.mx\/index.php?rest_route=\/wp\/v2\/posts"}],"about":[{"href":"https:\/\/zonaroja.com.mx\/index.php?rest_route=\/wp\/v2\/types\/post"}],"author":[{"embeddable":true,"href":"https:\/\/zonaroja.com.mx\/index.php?rest_route=\/wp\/v2\/users\/2"}],"replies":[{"embeddable":true,"href":"https:\/\/zonaroja.com.mx\/index.php?rest_route=%2Fwp%2Fv2%2Fcomments&post=23476"}],"version-history":[{"count":1,"href":"https:\/\/zonaroja.com.mx\/index.php?rest_route=\/wp\/v2\/posts\/23476\/revisions"}],"predecessor-version":[{"id":23477,"href":"https:\/\/zonaroja.com.mx\/index.php?rest_route=\/wp\/v2\/posts\/23476\/revisions\/23477"}],"wp:featuredmedia":[{"embeddable":true,"href":"https:\/\/zonaroja.com.mx\/index.php?rest_route=\/wp\/v2\/media\/23289"}],"wp:attachment":[{"href":"https:\/\/zonaroja.com.mx\/index.php?rest_route=%2Fwp%2Fv2%2Fmedia&parent=23476"}],"wp:term":[{"taxonomy":"category","embeddable":true,"href":"https:\/\/zonaroja.com.mx\/index.php?rest_route=%2Fwp%2Fv2%2Fcategories&post=23476"},{"taxonomy":"post_tag","embeddable":true,"href":"https:\/\/zonaroja.com.mx\/index.php?rest_route=%2Fwp%2Fv2%2Ftags&post=23476"}],"curies":[{"name":"wp","href":"https:\/\/api.w.org\/{rel}","templated":true}]}}