{"id":23478,"date":"2021-02-11T17:04:01","date_gmt":"2021-02-11T23:04:01","guid":{"rendered":"http:\/\/www.zonaroja.com.mx\/?p=23478"},"modified":"2021-02-11T17:04:06","modified_gmt":"2021-02-11T23:04:06","slug":"sin-atencion-a-victimas-no-habra-paz-en-la-zona-triqui-mujeres-en-planton","status":"publish","type":"post","link":"https:\/\/zonaroja.com.mx\/?p=23478","title":{"rendered":"Sin atenci\u00f3n a v\u00edctimas, no habr\u00e1 paz en la zona triqui: mujeres en plant\u00f3n"},"content":{"rendered":"\n<p>Evlin Arag\u00f3n\/Zona Roja.<\/p>\n\n\n\n<p>Oaxaca de Ju\u00e1rez, Oax., 11 de febrero de 2021.- Las reuniones entre las autoridades de los gobiernos federal y estatal, sin la participaci\u00f3n de las v\u00edctimas del desplazamiento forzado en Tierra Blanca Copala, Oaxaca, son parte de la misma simulaci\u00f3n con la que se ha atendido la violencia en la zona desde hace m\u00e1s de diez a\u00f1os.&nbsp;<\/p>\n\n\n\n<p>As\u00ed lo manifestaron mujeres originarias de la regi\u00f3n, adheridas al Movimiento de Unificaci\u00f3n y Lucha Triqui Independiente (MULTI) que se encuentran, desde hace una semana, en \u201cplant\u00f3n\u201d en la Ciudad de M\u00e9xico, para exigir la atenci\u00f3n integral del conflicto, el cual ha dejado a decenas de personas desplazadas en la \u00faltima d\u00e9cada y por tanto deber\u00eda ser tomado en cuenta con total seriedad.&nbsp;<\/p>\n\n\n\n<p>En conferencia de prensa, indicaron que las despensas y la atenci\u00f3n m\u00e9dica b\u00e1sica que se da de manera temporal, as\u00ed como el aumento de los programas sociales en la zona, anunciado por las autoridades federales, no cambiar\u00e1n la realidad de la poblaci\u00f3n que, aunque si necesita ayuda econ\u00f3mica, est\u00e1 m\u00e1s urgida de seguridad, justicia y paz.&nbsp;<\/p>\n\n\n\n<p>De ah\u00ed que evidenciaron la falta de cumplimiento a las declaraciones y acuerdos emitidos por el subsecretario de Gobernaci\u00f3n, Alejandro Encinas, y el gobernador de Oaxaca, Alejandro Murat Hinojosa, este \u00faltimo insiste en que ha sido atendida la problem\u00e1tica, aunque hay decenas de familias desplazadas que lo \u00fanico que quieren es volver a su lugar de origen.&nbsp;<\/p>\n\n\n\n<p>As\u00ed mismo, reprocharon la complicidad de las autoridades estatales con los l\u00edderes del MULT, ya que fueron estos \u00faltimos, acusados de originar la violencia, los que participaron en las reuniones, dejando de lado a las v\u00edctimas de los hechos que todav\u00eda buscan un lugar donde vivir.\u00a0<\/p>\n\n\n\n<figure class=\"wp-block-embed-twitter wp-block-embed is-type-rich is-provider-twitter\"><div class=\"wp-block-embed__wrapper\">\n<div class=\"twitter-tweet\"><blockquote class=\"twitter-tweet\" data-lang=\"es\"><p lang=\"es\" dir=\"ltr\"><a href=\"https:\/\/twitter.com\/hashtag\/%C3%9AltimoMinuto?src=hash&amp;ref_src=twsrc%5Etfw\">#\u00daltimoMinuto<\/a> <br>La protesta de desplazados de Tierra Blanca <a href=\"https:\/\/twitter.com\/hashtag\/Copala?src=hash&amp;ref_src=twsrc%5Etfw\">#Copala<\/a>, <a href=\"https:\/\/twitter.com\/hashtag\/Oaxaca?src=hash&amp;ref_src=twsrc%5Etfw\">#Oaxaca<\/a>, contin\u00faa en la Ciudad de M\u00e9xico y este d\u00eda ofrecieron una conferencia de prensa, para denunciar incumplimiento de acuerdos del subsecretario de la <a href=\"https:\/\/twitter.com\/SEGOB_mx?ref_src=twsrc%5Etfw\">@SEGOB_mx<\/a>, <a href=\"https:\/\/twitter.com\/A_Encinas_R?ref_src=twsrc%5Etfw\">@A_Encinas_R<\/a>, y del <a href=\"https:\/\/twitter.com\/GobOax?ref_src=twsrc%5Etfw\">@GobOax<\/a>. <a href=\"https:\/\/t.co\/HVoqel5rC5\">pic.twitter.com\/HVoqel5rC5<\/a><\/p>&mdash; Zona Roja Oaxaca (@Zona_Roja_Oax) <a href=\"https:\/\/twitter.com\/Zona_Roja_Oax\/status\/1359658941211312129?ref_src=twsrc%5Etfw\">11 de febrero de 2021<\/a><\/blockquote><\/div>\n<\/div><\/figure>\n\n\n\n<p>Para las mujeres triquis, la paz en la zona no se lograr\u00e1 si no se atiende a las familias que lo han perdido todo, incluso la posibilidad de regresar a su lugar de origen debido a la violencia generada por grupos paramilitares.<\/p>\n\n\n\n<p>\u201cPara crear la comisi\u00f3n de paz y concordancia de la regi\u00f3n es necesario que sean atendidas las v\u00edctimas, si dejar a nadie fuera, de lo contrario solo se intensificar\u00e1 la violencia, pues les brindan impunidad y respaldo a los grupos paramilitares del MULT\u201d, refirieron.&nbsp;<\/p>\n\n\n\n<p>De igual forma, indicaron que la Fiscal\u00eda de Oaxaca, encabezada por Rub\u00e9n Vasconcelos M\u00e9ndez, ha quedado rebasada en el tema de justicia, por lo que insistieron en la intervenci\u00f3n de la Fiscal\u00eda General de la Rep\u00fablica (FGR), para sancionar realmente a quienes son responsables de la violencia y la violaci\u00f3n de los derechos de las comunidades ind\u00edgenas.&nbsp;<\/p>\n\n\n\n<p>Recordaron que, dentro de sus peticiones, donde la principal es el regreso seguro a la poblaci\u00f3n de la que fueron desplazadas, tambi\u00e9n est\u00e1 la instalaci\u00f3n definitiva de una base de la Guardia Nacional en la demarcaci\u00f3n, ya que de nada han servido recorridos espor\u00e1dicos, ante el nivel de violencia que se registra.&nbsp;<\/p>\n\n\n\n<p>Igualmente, lamentaron que la promesa de Alejandro Encinas, de visitar y escuchar a las v\u00edctimas, haya quedado s\u00f3lo en palabras y se conformara con lo que actores externos le contaron y mucho peor que tomara en cuenta al MULT en las reuniones sostenidas, cuando es dicha agrupaci\u00f3n la responsable de los hechos violentos.&nbsp;<\/p>\n\n\n\n<p>Conscientes de la pandemia y el riesgo de contagio en el que se colocan al realizar acciones de protesta, las mujeres aseguraron que dadas las condiciones han tenido que elegir entre morir por la violencia armada en la zona triqui o ponernos en riego por el Covid-19, eligiendo esta \u00faltima, al no encontrar otra opci\u00f3n.<\/p>\n\n\n\n<p>Por lo anterior, sigue en pie la caravana que anunciaron desde hace d\u00edas, en la cual participaran las v\u00edctimas de desplazamiento forzado y organizaciones que respaldan la lucha de la poblaci\u00f3n ind\u00edgena, la cual saldr\u00e1 desde diferentes puntos&nbsp; para reunirse en la capital del pa\u00eds.<\/p>\n","protected":false},"excerpt":{"rendered":"<p>Evlin Arag\u00f3n\/Zona Roja. Oaxaca de Ju\u00e1rez, Oax., 11 de febrero de 2021.- Las reuniones entre&hellip;<\/p>\n","protected":false},"author":2,"featured_media":23479,"comment_status":"closed","ping_status":"open","sticky":false,"template":"","format":"standard","meta":{"_lmt_disableupdate":"","_lmt_disable":"","_jetpack_memberships_contains_paid_content":false,"footnotes":""},"categories":[109,47],"tags":[1712],"class_list":["post-23478","post","type-post","status-publish","format-standard","has-post-thumbnail","hentry","category-minuto-a-minuto","category-zona-gris","tag-tierra-blanca-copala"],"jetpack_featured_media_url":"https:\/\/zonaroja.com.mx\/wp-content\/uploads\/2021\/02\/Triquis-Cdmx.png","jetpack_sharing_enabled":true,"_links":{"self":[{"href":"https:\/\/zonaroja.com.mx\/index.php?rest_route=\/wp\/v2\/posts\/23478","targetHints":{"allow":["GET"]}}],"collection":[{"href":"https:\/\/zonaroja.com.mx\/index.php?rest_route=\/wp\/v2\/posts"}],"about":[{"href":"https:\/\/zonaroja.com.mx\/index.php?rest_route=\/wp\/v2\/types\/post"}],"author":[{"embeddable":true,"href":"https:\/\/zonaroja.com.mx\/index.php?rest_route=\/wp\/v2\/users\/2"}],"replies":[{"embeddable":true,"href":"https:\/\/zonaroja.com.mx\/index.php?rest_route=%2Fwp%2Fv2%2Fcomments&post=23478"}],"version-history":[{"count":1,"href":"https:\/\/zonaroja.com.mx\/index.php?rest_route=\/wp\/v2\/posts\/23478\/revisions"}],"predecessor-version":[{"id":23480,"href":"https:\/\/zonaroja.com.mx\/index.php?rest_route=\/wp\/v2\/posts\/23478\/revisions\/23480"}],"wp:featuredmedia":[{"embeddable":true,"href":"https:\/\/zonaroja.com.mx\/index.php?rest_route=\/wp\/v2\/media\/23479"}],"wp:attachment":[{"href":"https:\/\/zonaroja.com.mx\/index.php?rest_route=%2Fwp%2Fv2%2Fmedia&parent=23478"}],"wp:term":[{"taxonomy":"category","embeddable":true,"href":"https:\/\/zonaroja.com.mx\/index.php?rest_route=%2Fwp%2Fv2%2Fcategories&post=23478"},{"taxonomy":"post_tag","embeddable":true,"href":"https:\/\/zonaroja.com.mx\/index.php?rest_route=%2Fwp%2Fv2%2Ftags&post=23478"}],"curies":[{"name":"wp","href":"https:\/\/api.w.org\/{rel}","templated":true}]}}