{"id":23481,"date":"2021-02-11T17:38:06","date_gmt":"2021-02-11T23:38:06","guid":{"rendered":"http:\/\/www.zonaroja.com.mx\/?p=23481"},"modified":"2021-02-11T17:38:09","modified_gmt":"2021-02-11T23:38:09","slug":"martin-luther-king-iii-llegara-a-oaxaca-para-aniversario-luctuoso-de-guerrero","status":"publish","type":"post","link":"https:\/\/zonaroja.com.mx\/?p=23481","title":{"rendered":"Martin Luther King III llegar\u00e1 a Oaxaca para aniversario luctuoso de Guerrero"},"content":{"rendered":"\n<p>Yuridiana Sosa\/Zona Roja.<\/p>\n\n\n\n<p>Oaxaca de Ju\u00e1rez, Oax., 11 de febrero de 2021.-&nbsp; EL defensor de los derechos humanos y activista en Estados Unidos, Martin Luther King III, hijo del legendario Martin Luther King Jr., estar\u00e1 en Cuil\u00e1pam de Guerrero, en Valles Centrales de Oaxaca, para conmemorar el 190 aniversario luctuoso de Vicente Guerrero, el pr\u00f3ximo 14 de febrero.<\/p>\n\n\n\n<p>Al encuentro asistir\u00e1 el Presidente de la Rep\u00fablica, Andr\u00e9s Manuel L\u00f3pez Obrador, y el gobernador de Oaxaca, Alejandro Murat; se prev\u00e9 tambi\u00e9n la visita del mandatario estatal de Guerrero, H\u00e9ctor Astudillo.<\/p>\n\n\n\n<p>La visita del \u00edcono de la defensa de la vida y derechos civiles fue anunciada por el secretario de Relaciones Exteriores, Marcelo Ebrard, la ma\u00f1ana de este jueves en su cuenta de Twitter:<\/p>\n\n\n\n<p>\u201cTengo el agrado de comunicarles que Martin Luther King III, hijo del hist\u00f3rico l\u00edder defensor de los derechos de los afrodescendientes, ha confirmado su presencia en la conmemoraci\u00f3n dedicada a Vicente Guerrero este domingo 14 de febrero en Cuil\u00e1pam de Guerrero, Oaxaca\u201d.<\/p>\n\n\n\n<p>Luther King III&nbsp; es un arduo activista que en 1985 fue arrestado, junto con su madre y su hermana, cuando participaban en una protesta contra el \u201capartheid\u201d &nbsp;&#8211;sistema de segregaci\u00f3n racial sudafricano&#8211; en la embajada de Sud\u00e1frica en Washington D. C.<\/p>\n\n\n\n<p>En enero 1986 tambi\u00e9n fue arrestado junto a sus hermanas por \u00abconducta indebida\u00bb, mientras que en junio de ese mismo a\u00f1o anunci\u00f3 su candidatura para la comisi\u00f3n del condado de Fulton, Georgia, con lo que se convirti\u00f3 en el primer integrante de familia en implicarse en la pol\u00edtica, despu\u00e9s que su padre.<\/p>\n\n\n\n<p>Su activismo en los derechos humanos lo llev\u00f3 a oponerse la pena de muerte en 1989, cuando declar\u00f3: \u00abSi crey\u00e9ramos en el ojo por ojo y diente por diente, la mayor\u00eda de nosotros estar\u00eda ciego y sin dientes.\u00bb<\/p>\n\n\n\n<p>Martin Luther King III apoy\u00f3 a Barack Obama para ser candidato presidencial del Partido Democr\u00e1tico.<\/p>\n\n\n\n<p>Entre sus actividades sociales se destaca que en marzo de 2008, tir\u00f3 el primer juego en las Grandes Ligas de B\u00e9isbol de Derechos Civiles; en 2010, recibi\u00f3 el Premio Mundial Conmemorativo Ramakrishna Bajaj por sus contribuciones excepcionales a la promoci\u00f3n de derechos humanos en el Aniversario 26 de los Premios Globales del Priyadarshni, en la Academia en Mumbai, India y en 2015, le otorgaron el Premio Humanitario por el Festival de Cine Negro de Montreal.<\/p>\n\n\n\n<p>Mientras que en agosto de 2014, Luther King III estuvo presente en una manifestaci\u00f3n con los padres de Michael Brown el 17 de agosto asesinado a tiros por un agente de la polic\u00eda. En el evento dijo que su padre estar\u00eda \u00abmuy decepcionado con la violencia\u201d que ha ocurrido en Ferguson.<\/p>\n\n\n\n<p>Martin Luther King Jr. fue un pastor y activista estadounidense, nacido el 15 de enero de 1929 en Atlanta y asesinado el 4 de abril de 1968 en Memphis.<\/p>\n\n\n\n<p>Tambi\u00e9n fue miembro del comit\u00e9 ejecutivo de la Asociaci\u00f3n Nacional para el Progreso de las Personas de Color. Consigui\u00f3 la igualdad de blancos y negros en el transporte p\u00fablico, luego de crecer en un ambiente de segregaci\u00f3n racial. Tras ese logro continu\u00f3 con la lucha por los derechos civiles<\/p>\n\n\n\n<p>Martin Luther King tambi\u00e9n es recordado es por su participaci\u00f3n en la campa\u00f1a de Birmingham \u2013Alabama-, con protestas pac\u00edficas, pero los boicots llevados a cabo en la ciudad fueron motivo de un arresto en abril de 1963.<\/p>\n\n\n\n<p>Desde la c\u00e1rcel escribi\u00f3 la popular Carta de Birmingham con una explicaci\u00f3n de sus protestas, lo que le vali\u00f3 el apoyo del presidente de Estados Unidos, John F. Kennedy, y fue liberado.<\/p>\n\n\n\n<p>LA VISITA<\/p>\n\n\n\n<p>La gira del presidente de M\u00e9xico, por en\u00e9sima ocasi\u00f3n a Oaxaca, est\u00e1 programada a partir del 13 de febrero, con la inauguraci\u00f3n del camino rural en San Mateo Tlapiltepec, en la regi\u00f3n Mixteca, y en San Mateo Etlatongo para el programa \u201cSembrando vida\u201d.<\/p>\n\n\n\n<p>Mientras que el domingo 14 de febrero en el Aniversario luctuoso de Vicente Guerrero, en Cuil\u00e1pam de Guerrero, a las 12:00 horas.<\/p>\n","protected":false},"excerpt":{"rendered":"<p>Yuridiana Sosa\/Zona Roja. Oaxaca de Ju\u00e1rez, Oax., 11 de febrero de 2021.-&nbsp; EL defensor de&hellip;<\/p>\n","protected":false},"author":2,"featured_media":23482,"comment_status":"closed","ping_status":"open","sticky":false,"template":"","format":"standard","meta":{"_lmt_disableupdate":"","_lmt_disable":"","_jetpack_memberships_contains_paid_content":false,"footnotes":""},"categories":[109,46],"tags":[2445],"class_list":["post-23481","post","type-post","status-publish","format-standard","has-post-thumbnail","hentry","category-minuto-a-minuto","category-zona-blanca","tag-martin-luther-king-iii"],"jetpack_featured_media_url":"https:\/\/zonaroja.com.mx\/wp-content\/uploads\/2021\/02\/Martin-Luther-KIng-en-Oaxaca.jpg","jetpack_sharing_enabled":true,"_links":{"self":[{"href":"https:\/\/zonaroja.com.mx\/index.php?rest_route=\/wp\/v2\/posts\/23481","targetHints":{"allow":["GET"]}}],"collection":[{"href":"https:\/\/zonaroja.com.mx\/index.php?rest_route=\/wp\/v2\/posts"}],"about":[{"href":"https:\/\/zonaroja.com.mx\/index.php?rest_route=\/wp\/v2\/types\/post"}],"author":[{"embeddable":true,"href":"https:\/\/zonaroja.com.mx\/index.php?rest_route=\/wp\/v2\/users\/2"}],"replies":[{"embeddable":true,"href":"https:\/\/zonaroja.com.mx\/index.php?rest_route=%2Fwp%2Fv2%2Fcomments&post=23481"}],"version-history":[{"count":1,"href":"https:\/\/zonaroja.com.mx\/index.php?rest_route=\/wp\/v2\/posts\/23481\/revisions"}],"predecessor-version":[{"id":23483,"href":"https:\/\/zonaroja.com.mx\/index.php?rest_route=\/wp\/v2\/posts\/23481\/revisions\/23483"}],"wp:featuredmedia":[{"embeddable":true,"href":"https:\/\/zonaroja.com.mx\/index.php?rest_route=\/wp\/v2\/media\/23482"}],"wp:attachment":[{"href":"https:\/\/zonaroja.com.mx\/index.php?rest_route=%2Fwp%2Fv2%2Fmedia&parent=23481"}],"wp:term":[{"taxonomy":"category","embeddable":true,"href":"https:\/\/zonaroja.com.mx\/index.php?rest_route=%2Fwp%2Fv2%2Fcategories&post=23481"},{"taxonomy":"post_tag","embeddable":true,"href":"https:\/\/zonaroja.com.mx\/index.php?rest_route=%2Fwp%2Fv2%2Ftags&post=23481"}],"curies":[{"name":"wp","href":"https:\/\/api.w.org\/{rel}","templated":true}]}}