{"id":23484,"date":"2021-02-11T19:29:03","date_gmt":"2021-02-12T01:29:03","guid":{"rendered":"http:\/\/www.zonaroja.com.mx\/?p=23484"},"modified":"2021-02-11T19:29:07","modified_gmt":"2021-02-12T01:29:07","slug":"tres-dias-de-bloqueo-en-el-istmo-y-segego-se-deslinda-de-problemas","status":"publish","type":"post","link":"https:\/\/zonaroja.com.mx\/?p=23484","title":{"rendered":"Tres d\u00edas de bloqueo en el Istmo y Segego se deslinda de problemas"},"content":{"rendered":"\n<p>Yuridiana Sosa\/Zona Roja.<\/p>\n\n\n\n<p>Oaxaca de Ju\u00e1rez, Oax., 11 de febrero de 2021.- Por tercer d\u00eda consecutivo, los bloqueos carreteros en la regi\u00f3n del Istmo de Tehuantepec mantuvieron varados a cientos de automovilistas y transportistas, sin que el Gobierno del Estado lograra una r\u00e1pida y eficaz soluci\u00f3n a los conflictos que motivaron los cierres.<\/p>\n\n\n\n<p>Pobladores de esta regi\u00f3n obstruyeron el paso hacia la capital oaxaque\u00f1a, a la regi\u00f3n de la Cuenca y estado de Veracruz, as\u00ed como hacia Salina Cruz.<\/p>\n\n\n\n<p>Los bloqueos se registraron en la carretera 190, en el tramo Jalapa del Marqu\u00e9s-Tehuantepec, antes de llegar al crucero conocido como el caracol; en la carretera 185 Trans\u00edstmica, subtramo Tehuantepec-Salina Cruz, en el punto conocido como fraccionamiento Siglo XXI , sin paso vehicular para Salina Cruz.<\/p>\n\n\n\n<p>Adem\u00e1s, en el kil\u00f3metro 175 de la carretera 185 Trans\u00edstmica, subtramo Piedra Blanca-Mat\u00edas Romero, en el entronque a Boca del Monte, de San Juan Guachicovi, sin acceso al paso para Tuxtepec y al estado de Veracruz.<\/p>\n\n\n\n<p>Fue este \u00faltimo punto donde la Secretar\u00eda de Seguridad P\u00fablica de Oaxaca implement\u00f3 un operativo de presencia y recorrido, as\u00ed como para garantizar la seguridad de los trabajadores de la Secretar\u00eda General de Gobierno, que llegaron a negociar, luego de la retenci\u00f3n de tres integrantes de la dependencia este mi\u00e9rcoles.<\/p>\n\n\n\n<p>La Polic\u00eda Estatal y la Guardia Nacional no intervinieron en el retiro de la manifestaci\u00f3n, misma que iniciaron habitantes de las distintas agencias del municipio de San Juan Mazatl\u00e1n, quienes exigen la destituci\u00f3n de su presidente municipal, elegido por Sistemas Normativos Interno, Macario Eleuterio Jim\u00e9nez, quien gobierna por cuarta ocasi\u00f3n.<\/p>\n\n\n\n<p>Los inconformes apuntaron que el edil no ha rendido cuentas a su comunidad ni entregado recursos, por lo que exigieron la intervenci\u00f3n de la Segego.<\/p>\n\n\n\n<p>Sin embargo, la dependencia encargada de la pol\u00edtica interna del estado comunic\u00f3 que no cuenta con la facultad para destituir al edil, as\u00ed como que el recurso para las comunidades es competencia de la autoridad municipal.<\/p>\n\n\n\n<p>LA CAPITAL TAMBI\u00c9N<\/p>\n\n\n\n<p>Por otra parte, integrantes del Sindicato de Trabajadores Acad\u00e9micos de la Universidad de Oaxaca (STAUO) se manifestaron en la puerta de la sede de rector\u00eda de la Universidad Aut\u00f3noma \u201cBenito Ju\u00e1rez\u201d de Oaxaca (UABJO) para exigir atenci\u00f3n a su pliego de demandas.<\/p>\n\n\n\n<p>Aunque el inmueble sigue cerrado y sin clases presenciales, los agremiados al STAUO realizaron la \u201ctoma\u201d simb\u00f3lica del edificio por 12 horas para demandar a la Universidad la revisi\u00f3n del contrato colectivo de trabajo, exigir pagos atrasados de prestaciones y entrega de nuevas plazas.<\/p>\n\n\n\n<p>Pese al anuncio del cierre durante todo el d\u00eda, los acad\u00e9micos se retiraron del lugar alrededor de las 15:00 horas, adem\u00e1s de quitar su bloqueo a la avenida Universidad.<\/p>\n","protected":false},"excerpt":{"rendered":"<p>Yuridiana Sosa\/Zona Roja. Oaxaca de Ju\u00e1rez, Oax., 11 de febrero de 2021.- Por tercer d\u00eda&hellip;<\/p>\n","protected":false},"author":2,"featured_media":23485,"comment_status":"closed","ping_status":"open","sticky":false,"template":"","format":"standard","meta":{"_lmt_disableupdate":"","_lmt_disable":"","_jetpack_memberships_contains_paid_content":false,"footnotes":""},"categories":[109,47],"tags":[2121],"class_list":["post-23484","post","type-post","status-publish","format-standard","has-post-thumbnail","hentry","category-minuto-a-minuto","category-zona-gris","tag-secretaria-general-de-gobierno-segego"],"jetpack_featured_media_url":"https:\/\/zonaroja.com.mx\/wp-content\/uploads\/2021\/02\/Bloqueo-Istmo.png","jetpack_sharing_enabled":true,"_links":{"self":[{"href":"https:\/\/zonaroja.com.mx\/index.php?rest_route=\/wp\/v2\/posts\/23484","targetHints":{"allow":["GET"]}}],"collection":[{"href":"https:\/\/zonaroja.com.mx\/index.php?rest_route=\/wp\/v2\/posts"}],"about":[{"href":"https:\/\/zonaroja.com.mx\/index.php?rest_route=\/wp\/v2\/types\/post"}],"author":[{"embeddable":true,"href":"https:\/\/zonaroja.com.mx\/index.php?rest_route=\/wp\/v2\/users\/2"}],"replies":[{"embeddable":true,"href":"https:\/\/zonaroja.com.mx\/index.php?rest_route=%2Fwp%2Fv2%2Fcomments&post=23484"}],"version-history":[{"count":1,"href":"https:\/\/zonaroja.com.mx\/index.php?rest_route=\/wp\/v2\/posts\/23484\/revisions"}],"predecessor-version":[{"id":23486,"href":"https:\/\/zonaroja.com.mx\/index.php?rest_route=\/wp\/v2\/posts\/23484\/revisions\/23486"}],"wp:featuredmedia":[{"embeddable":true,"href":"https:\/\/zonaroja.com.mx\/index.php?rest_route=\/wp\/v2\/media\/23485"}],"wp:attachment":[{"href":"https:\/\/zonaroja.com.mx\/index.php?rest_route=%2Fwp%2Fv2%2Fmedia&parent=23484"}],"wp:term":[{"taxonomy":"category","embeddable":true,"href":"https:\/\/zonaroja.com.mx\/index.php?rest_route=%2Fwp%2Fv2%2Fcategories&post=23484"},{"taxonomy":"post_tag","embeddable":true,"href":"https:\/\/zonaroja.com.mx\/index.php?rest_route=%2Fwp%2Fv2%2Ftags&post=23484"}],"curies":[{"name":"wp","href":"https:\/\/api.w.org\/{rel}","templated":true}]}}