{"id":23487,"date":"2021-02-11T21:16:58","date_gmt":"2021-02-12T03:16:58","guid":{"rendered":"http:\/\/www.zonaroja.com.mx\/?p=23487"},"modified":"2021-02-11T21:17:02","modified_gmt":"2021-02-12T03:17:02","slug":"urgen-al-gobernador-conformar-procuraduria-de-proteccion-al-ambiente-de-oaxaca","status":"publish","type":"post","link":"https:\/\/zonaroja.com.mx\/?p=23487","title":{"rendered":"Urgen al gobernador conformar Procuradur\u00eda de Protecci\u00f3n al Ambiente de Oaxaca"},"content":{"rendered":"\n<p>Evlin Arag\u00f3n\/Zona Roja.<\/p>\n\n\n\n<p>Oaxaca de Ju\u00e1rez, Oax., 11 de febrero de 2021.- El pleno de la 64 Legislatura aprob\u00f3 exhortar al gobernador Alejandro Murat Hinojosa para que designe al titular de la Procuradur\u00eda de Protecci\u00f3n al Ambiente de Oaxaca y pueda as\u00ed entrar en funciones dicha instancia, creada por decreto desde el 2018.<\/p>\n\n\n\n<p>La propuesta presentada por las diputadas Victoria Cruz Villar, Magaly L\u00f3pez Dom\u00ednguez y el diputado Horacio Sosa Villavicencio, urge al Ejecutivo estatal hacer cumplir el decreto 1 458, suscrito el 15 de abril del 2018, en beneficio del medio ambiente.&nbsp;<\/p>\n\n\n\n<p>En tribuna, pero v\u00eda electr\u00f3nica, la diputada de Nueva Alianza, Victoria Cruz Villar, manifest\u00f3 que el cuidado al medio ambiente debe dejar de ser un asunto secundario y por el contrario, debe convertirse en prioridad y urgente atenci\u00f3n, ya que de lo contrario colapsaran los sistemas alimentarios y de salud.&nbsp;<\/p>\n\n\n\n<p>De ah\u00ed que inst\u00f3 al mandatario estatal a nombrar al procurador o procuradora, ya que se trata de un requisito fundamental para iniciar con los trabajos del \u00e1rea, cuya creaci\u00f3n se dispuso desde el primer semestre del 2018.&nbsp;<\/p>\n\n\n\n<p>\u201cSe exhorta respetuosamente al maestro Alejandro Murat Hinojosa, gobernador del Estado, para que de conformidad con sus facultades legales nombre al titular de la Procuradur\u00eda de Protecci\u00f3n al Ambiente de Oaxaca, as\u00ed mismo instruya a los titulares de las secretar\u00edas de Finanzas, Administraci\u00f3n, Contralor\u00eda y Transparencia Gubernamental, y de Medio Ambiente, Energ\u00edas y Desarrollo Sustentable, para que realicen lo pertinente y entre en funciones\u201d, dijo.\u00a0\u00a0<\/p>\n\n\n\n<figure class=\"wp-block-embed-twitter wp-block-embed is-type-rich is-provider-twitter\"><div class=\"wp-block-embed__wrapper\">\n<div class=\"twitter-tweet\"><blockquote class=\"twitter-tweet\" data-lang=\"es\"><p lang=\"es\" dir=\"ltr\">A propuesta de los diputados <a href=\"https:\/\/twitter.com\/vicruvi?ref_src=twsrc%5Etfw\">@vicruvi<\/a>, <a href=\"https:\/\/twitter.com\/Magaly_LopezOax?ref_src=twsrc%5Etfw\">@Magaly_LopezOax<\/a> y <a href=\"https:\/\/twitter.com\/HoracioSosaOax?ref_src=twsrc%5Etfw\">@HoracioSosaOax<\/a>, el pleno del <a href=\"https:\/\/twitter.com\/CongresoOaxLXIV?ref_src=twsrc%5Etfw\">@CongresoOaxLXIV<\/a> aprob\u00f3 ayer con 26 votos, exhortar al gobernador <a href=\"https:\/\/twitter.com\/alejandromurat?ref_src=twsrc%5Etfw\">@alejandromurat<\/a> conformar la Procuradur\u00eda de Protecci\u00f3n al Ambiente de Oaxaca, creada por decreto meses atr\u00e1s. <a href=\"https:\/\/t.co\/Fde4KMPK4x\">pic.twitter.com\/Fde4KMPK4x<\/a><\/p>&mdash; Zona Roja Oaxaca (@Zona_Roja_Oax) <a href=\"https:\/\/twitter.com\/Zona_Roja_Oax\/status\/1359935953113149447?ref_src=twsrc%5Etfw\">11 de febrero de 2021<\/a><\/blockquote><\/div>\n<\/div><\/figure>\n\n\n\n<p>La diputada explic\u00f3 que es indispensable contar con la instancia que vigile el exacto cumplimiento de la normativa ambiental en Oaxaca e imponga las sanciones correspondientes por el incumplimiento de las mismas mediante los procedimientos administrativos estipulados.&nbsp;<\/p>\n\n\n\n<p>As\u00ed mismo, manifest\u00f3 que tambi\u00e9n es indispensable que la dependencia fomente la participaci\u00f3n activa de la sociedad y sus organizaciones en el cuidado del medio ambiente a fin de contribuir en el desarrollo sustentable que garantice el derecho de toda persona a disfrutar de un ambiente adecuado.<\/p>\n\n\n\n<p>No se trata del primer llamado a las autoridades estatales en este tema, ya que, en septiembre del 2020, la diputada Laura Estrada Mauro exhort\u00f3 a los titulares de las secretar\u00edas de Finanzas, de Administraci\u00f3n, Contralor\u00eda y Transparencia Gubernamental y del Medio Ambiente, Energ\u00edas y Desarrollo Sustentable, para concretar el inicio de funciones del \u00e1rea.<\/p>\n\n\n\n<p>Misma que fue aprobada hace casi tres a\u00f1os por la Legislatura pasada, en abril del 2018, mediante decreto publicado en el Peri\u00f3dico Oficial el 16 de junio del mismo a\u00f1o, fecha en la que tambi\u00e9n entr\u00f3 en vigor la Ley de la Procuradur\u00eda de Protecci\u00f3n al Ambiente.&nbsp;<\/p>\n","protected":false},"excerpt":{"rendered":"<p>Evlin Arag\u00f3n\/Zona Roja. Oaxaca de Ju\u00e1rez, Oax., 11 de febrero de 2021.- El pleno de&hellip;<\/p>\n","protected":false},"author":2,"featured_media":23488,"comment_status":"closed","ping_status":"open","sticky":false,"template":"","format":"standard","meta":{"_lmt_disableupdate":"","_lmt_disable":"","_jetpack_memberships_contains_paid_content":false,"footnotes":""},"categories":[109,47],"tags":[213],"class_list":["post-23487","post","type-post","status-publish","format-standard","has-post-thumbnail","hentry","category-minuto-a-minuto","category-zona-gris","tag-64-legislatura-de-oaxaca"],"jetpack_featured_media_url":"https:\/\/zonaroja.com.mx\/wp-content\/uploads\/2021\/02\/Sesion-Congreso.jpg","jetpack_sharing_enabled":true,"_links":{"self":[{"href":"https:\/\/zonaroja.com.mx\/index.php?rest_route=\/wp\/v2\/posts\/23487","targetHints":{"allow":["GET"]}}],"collection":[{"href":"https:\/\/zonaroja.com.mx\/index.php?rest_route=\/wp\/v2\/posts"}],"about":[{"href":"https:\/\/zonaroja.com.mx\/index.php?rest_route=\/wp\/v2\/types\/post"}],"author":[{"embeddable":true,"href":"https:\/\/zonaroja.com.mx\/index.php?rest_route=\/wp\/v2\/users\/2"}],"replies":[{"embeddable":true,"href":"https:\/\/zonaroja.com.mx\/index.php?rest_route=%2Fwp%2Fv2%2Fcomments&post=23487"}],"version-history":[{"count":1,"href":"https:\/\/zonaroja.com.mx\/index.php?rest_route=\/wp\/v2\/posts\/23487\/revisions"}],"predecessor-version":[{"id":23489,"href":"https:\/\/zonaroja.com.mx\/index.php?rest_route=\/wp\/v2\/posts\/23487\/revisions\/23489"}],"wp:featuredmedia":[{"embeddable":true,"href":"https:\/\/zonaroja.com.mx\/index.php?rest_route=\/wp\/v2\/media\/23488"}],"wp:attachment":[{"href":"https:\/\/zonaroja.com.mx\/index.php?rest_route=%2Fwp%2Fv2%2Fmedia&parent=23487"}],"wp:term":[{"taxonomy":"category","embeddable":true,"href":"https:\/\/zonaroja.com.mx\/index.php?rest_route=%2Fwp%2Fv2%2Fcategories&post=23487"},{"taxonomy":"post_tag","embeddable":true,"href":"https:\/\/zonaroja.com.mx\/index.php?rest_route=%2Fwp%2Fv2%2Ftags&post=23487"}],"curies":[{"name":"wp","href":"https:\/\/api.w.org\/{rel}","templated":true}]}}