{"id":23490,"date":"2021-02-11T21:41:16","date_gmt":"2021-02-12T03:41:16","guid":{"rendered":"http:\/\/www.zonaroja.com.mx\/?p=23490"},"modified":"2021-02-11T21:41:21","modified_gmt":"2021-02-12T03:41:21","slug":"asegura-la-semovi-que-cancelo-12-concesiones-de-transporte-publico","status":"publish","type":"post","link":"https:\/\/zonaroja.com.mx\/?p=23490","title":{"rendered":"Asegura la Semovi que cancel\u00f3 12 concesiones de transporte p\u00fablico"},"content":{"rendered":"\n<p>Redacci\u00f3n\/Zona Roja.<\/p>\n\n\n\n<p>Oaxaca de Ju\u00e1rez, Oax., 11 de febrero de 2021.- Al comparecer ante la comisi\u00f3n respectiva de la 64 Legislatura, la titular de la Secretar\u00eda de Movilidad (Semovi), Mariana Nassar, asegur\u00f3 que en el actual sexenio se han cancelado 12 concesiones del transporte p\u00fablico.<\/p>\n\n\n\n<p>Indic\u00f3 que ello debido a irregularidades como actos violentos y otras por malos manejos, como venta o tr\u00e1fico de la concesi\u00f3n.<\/p>\n\n\n\n<p>De la misma manera, anunci\u00f3 un transporte integral en Oaxaca de Ju\u00e1rez, es decir la uni\u00f3n de todas las l\u00edneas camioneras, en una sola empresa de negocios, que se denominar\u00e1 Citybus, y que se lanzar\u00e1 junto con la operaci\u00f3n de este sistema de transporte, que corre de Pueblo Nuevo a Santa Cruz Xoxocotl\u00e1n.<\/p>\n\n\n\n<p>Entre otras acciones, destac\u00f3 que pese a la pandemia del Covid-19, la Semovi continu\u00f3 trabajando para garantizar una correcta operaci\u00f3n del transporte p\u00fablico, as\u00ed como un servicio eficiente a las y los usuarios de los 43 m\u00f3dulos de atenci\u00f3n.<\/p>\n\n\n\n<p>As\u00ed, se entreg\u00f3 m\u00e1s de 115 mil cubrebocas y m\u00e1s de siete mil caretas a las y los operadores y usuarios del transporte p\u00fablico, as\u00ed como 22 mil volantes con informaci\u00f3n para el cuidado de la salud.<\/p>\n\n\n\n<p>Asimismo, con apoyo del \u00e1rea de Vectores de los Servicios de Salud de Oaxaca se sanitizaron m\u00e1s de 13 mil unidades del transporte p\u00fablico en las regiones de Valles Centrales, Istmo, Costa, Mixteca, Ca\u00f1ada y la Cuenca del Papaloapan.<\/p>\n\n\n\n<p>En referencia a los trabajos que realiza la Semovi, para modernizar la operaci\u00f3n de sus tr\u00e1mites, en el mes de mayo se implement\u00f3 la licencia de conducir digital en el tr\u00e1mite de renovaci\u00f3n y reposici\u00f3n; con ello, Oaxaca se convirti\u00f3 en el primer estado del pa\u00eds en ofrecer este servicio. A la fecha, se han emitido ocho mil 467 licencias digitales.<\/p>\n\n\n\n<figure class=\"wp-block-embed-twitter wp-block-embed is-type-rich is-provider-twitter\"><div class=\"wp-block-embed__wrapper\">\n<div class=\"twitter-tweet\"><blockquote class=\"twitter-tweet\" data-lang=\"es\"><p lang=\"es\" dir=\"ltr\">Al t\u00e9rmino de su comparecencia en el Congreso local, la responsable de la <a href=\"https:\/\/twitter.com\/SEMOVI_GobOax?ref_src=twsrc%5Etfw\">@SEMOVI_GobOax<\/a>, <a href=\"https:\/\/twitter.com\/nassarmariana?ref_src=twsrc%5Etfw\">@nassarmariana<\/a> habl\u00f3 tambi\u00e9n de las sanciones que se han impuesto a los transportistas concesionados que han violado las leyes y asegur\u00f3 que no hay impunidad en estos casos. <a href=\"https:\/\/t.co\/Cv8USMmct3\">pic.twitter.com\/Cv8USMmct3<\/a><\/p>&mdash; Zona Roja Oaxaca (@Zona_Roja_Oax) <a href=\"https:\/\/twitter.com\/Zona_Roja_Oax\/status\/1359948744247173122?ref_src=twsrc%5Etfw\">11 de febrero de 2021<\/a><\/blockquote><\/div>\n<\/div><\/figure>\n\n\n\n<p>A\u00f1adi\u00f3 que en lo que va de la administraci\u00f3n estatal se han invertido m\u00e1s de 263 millones de pesos en tres grandes acciones: Equipamiento de tecnolog\u00eda en terminales y autobuses, propiedad del Gobierno del Estado; construcci\u00f3n de estaciones intermedias especiales y accesos francos en la zona de la Central de Abasto, semaforizaci\u00f3n y se\u00f1alizaci\u00f3n Inteligente del Corredor Poniente.<\/p>\n\n\n\n<p>Este recurso, explic\u00f3, tiene el siguiente origen: 66 millones de pesos gestionados por la Secretar\u00eda de Movilidad ante el Fondo Nacional de Infraestructura (Fonadin); 48.55 millones de pesos provenientes del Fondo Metropolitano, gestionados por la Secretar\u00eda de Finanzas (Sefin) y m\u00e1s de 149.6 millones son inversi\u00f3n p\u00fablica estatal de la presente administraci\u00f3n.<\/p>\n\n\n\n<p>En materia de supervisi\u00f3n del transporte, la encargada de la pol\u00edtica en movilidad, indic\u00f3 que en 2020 se verific\u00f3 la operaci\u00f3n de las 78 rutas concesionadas en la capital oaxaque\u00f1a.&nbsp;&nbsp;&nbsp;&nbsp;<\/p>\n\n\n\n<p>Adem\u00e1s, producto de diversos operativos, la Semovi inici\u00f3 120 procedimientos administrativos de aplicaci\u00f3n de sanci\u00f3n y revocaci\u00f3n de concesi\u00f3n, a petici\u00f3n de parte y por las denuncias realizadas en los medios de comunicaci\u00f3n, por incurrir en violaciones a la Ley de Movilidad para el Estado de Oaxaca.<\/p>\n\n\n\n<p>Adem\u00e1s, se concluyeron 25 expedientes; de ellos 23 obtuvieron una resoluci\u00f3n durante el 2020, de los cuales 8 procesos concluyeron en revocaci\u00f3n de 12 concesiones para 7 taxis y 5 mototaxis; 14 expedientes con multas y uno m\u00e1s, culmin\u00f3 en la suspensi\u00f3n temporal del servicio.<\/p>\n","protected":false},"excerpt":{"rendered":"<p>Redacci\u00f3n\/Zona Roja. Oaxaca de Ju\u00e1rez, Oax., 11 de febrero de 2021.- Al comparecer ante la&hellip;<\/p>\n","protected":false},"author":2,"featured_media":23491,"comment_status":"closed","ping_status":"open","sticky":false,"template":"","format":"standard","meta":{"_lmt_disableupdate":"","_lmt_disable":"","_jetpack_memberships_contains_paid_content":false,"footnotes":""},"categories":[109,47],"tags":[624],"class_list":["post-23490","post","type-post","status-publish","format-standard","has-post-thumbnail","hentry","category-minuto-a-minuto","category-zona-gris","tag-secretaria-de-movilidad"],"jetpack_featured_media_url":"https:\/\/zonaroja.com.mx\/wp-content\/uploads\/2021\/02\/Mariana-Nassar.png","jetpack_sharing_enabled":true,"_links":{"self":[{"href":"https:\/\/zonaroja.com.mx\/index.php?rest_route=\/wp\/v2\/posts\/23490","targetHints":{"allow":["GET"]}}],"collection":[{"href":"https:\/\/zonaroja.com.mx\/index.php?rest_route=\/wp\/v2\/posts"}],"about":[{"href":"https:\/\/zonaroja.com.mx\/index.php?rest_route=\/wp\/v2\/types\/post"}],"author":[{"embeddable":true,"href":"https:\/\/zonaroja.com.mx\/index.php?rest_route=\/wp\/v2\/users\/2"}],"replies":[{"embeddable":true,"href":"https:\/\/zonaroja.com.mx\/index.php?rest_route=%2Fwp%2Fv2%2Fcomments&post=23490"}],"version-history":[{"count":1,"href":"https:\/\/zonaroja.com.mx\/index.php?rest_route=\/wp\/v2\/posts\/23490\/revisions"}],"predecessor-version":[{"id":23492,"href":"https:\/\/zonaroja.com.mx\/index.php?rest_route=\/wp\/v2\/posts\/23490\/revisions\/23492"}],"wp:featuredmedia":[{"embeddable":true,"href":"https:\/\/zonaroja.com.mx\/index.php?rest_route=\/wp\/v2\/media\/23491"}],"wp:attachment":[{"href":"https:\/\/zonaroja.com.mx\/index.php?rest_route=%2Fwp%2Fv2%2Fmedia&parent=23490"}],"wp:term":[{"taxonomy":"category","embeddable":true,"href":"https:\/\/zonaroja.com.mx\/index.php?rest_route=%2Fwp%2Fv2%2Fcategories&post=23490"},{"taxonomy":"post_tag","embeddable":true,"href":"https:\/\/zonaroja.com.mx\/index.php?rest_route=%2Fwp%2Fv2%2Ftags&post=23490"}],"curies":[{"name":"wp","href":"https:\/\/api.w.org\/{rel}","templated":true}]}}