{"id":2350,"date":"2019-07-18T07:27:26","date_gmt":"2019-07-18T12:27:26","guid":{"rendered":"http:\/\/www.zonaroja.com.mx\/?p=2350"},"modified":"2019-07-18T07:27:28","modified_gmt":"2019-07-18T12:27:28","slug":"incrementan-crimenes-de-odio-contra-mujeres-trans-en-oaxaca","status":"publish","type":"post","link":"https:\/\/zonaroja.com.mx\/?p=2350","title":{"rendered":"Incrementan cr\u00edmenes de odio contra mujeres trans en Oaxaca"},"content":{"rendered":"\n<p>Evlin Arag\u00f3n<\/p>\n\n\n\n<p>Oaxaca de\nJu\u00e1rez, Oax. 18 de julio de 2019.- La organizaci\u00f3n civil Consorcio Oaxaca\ndenunci\u00f3 el incremento de cr\u00edmenes de odio en contra de las personas de la\ndiversidad sexual y la nula justicia.<\/p>\n\n\n\n<p>Conden\u00f3 el\ntransfeminicidio de quien fuera conocida como \u201cCarly\u201d, registrado el pasado\ndomingo en la capital de Oaxaca, y exigi\u00f3 a la Fiscal\u00eda General del Estado la\naplicaci\u00f3n de la perspectiva de g\u00e9nero en su investigaci\u00f3n.<\/p>\n\n\n\n<p>Lo anterior\nluego de que elementos de rescate y algunos medios de comunicaci\u00f3n refieran que\nla persona asesinada era un hombre vestido de mujer, acci\u00f3n que anula la\nidentidad trans de la mujer asesinada, originaria de San Pedro Pochutla.<\/p>\n\n\n\n<p>La misma\norganizaci\u00f3n refiri\u00f3 que M\u00e9xico ocupa el segundo lugar en transfeminicidios,\n\u00fanicamente superado por Brasil, raz\u00f3n por la que es fundamental que las\ninvestigaciones se desarrollen de forma responsable y con el respeto que se\nmerece la comunidad trans.<\/p>\n\n\n\n<p>A trav\u00e9s de\nlas redes sociales, integrantes de colectivos en defensa de la diversidad\nsexual, tambi\u00e9n exigieron justicia para \u201cCarly\u201d, quien aseguran muri\u00f3\ndesangrada al recibir varias pu\u00f1aladas, a la par que lamentaron que a\u00fan permee\nel odio hacia lo diferente en Oaxaca.<\/p>\n\n\n\n<p>De igual\nforma, cuestionaron la \u201cpreocupaci\u00f3n e indignaci\u00f3n\u201d social que causan las\npintas en las paredes con mensajes en defensa de los derechos, mientras que los\nactos violentos en contra de la comunidad LGBTTTIQ parecieran no ser importante,\nacusando de doble moral a la sociedad oaxaque\u00f1a.<\/p>\n\n\n\n<p>En d\u00edas\nrecientes, la Asociaci\u00f3n de Ayuda con Fuerza y Lucha por Oaxaca (AAFLO), se\npronunci\u00f3 por la pronta intervenci\u00f3n del gobernador Alejandro Murat Hinojosa,\nel fiscal general Rub\u00e9n Vasconcelos M\u00e9ndez y al vicefiscal Juventino P\u00e9rez,\npara el esclarecimiento del transfeminicidio de \u201cCarly\u201d.<\/p>\n\n\n\n<p>De acuerdo\ncon la organizaci\u00f3n se trat\u00f3 de un asesinato de odio m\u00e1s hacia la comunidad\ndisidente sexual, sin que hasta el momento alguno de los muchos casos\nanteriormente denunciados se haya esclarecido y mucho menos exista justicia\npara cada una de las v\u00edctimas.<\/p>\n","protected":false},"excerpt":{"rendered":"<p>Evlin Arag\u00f3n Oaxaca de Ju\u00e1rez, Oax. 18 de julio de 2019.- La organizaci\u00f3n civil Consorcio&hellip;<\/p>\n","protected":false},"author":2,"featured_media":2351,"comment_status":"closed","ping_status":"open","sticky":false,"template":"","format":"standard","meta":{"_lmt_disableupdate":"","_lmt_disable":"","_jetpack_memberships_contains_paid_content":false,"footnotes":""},"categories":[109,51],"tags":[363],"class_list":["post-2350","post","type-post","status-publish","format-standard","has-post-thumbnail","hentry","category-minuto-a-minuto","category-zona-roja","tag-crimenes-de-odio-mujeres-trans-oaxaca"],"jetpack_featured_media_url":"https:\/\/zonaroja.com.mx\/wp-content\/uploads\/2019\/07\/Femincidio-3.jpg","jetpack_sharing_enabled":true,"_links":{"self":[{"href":"https:\/\/zonaroja.com.mx\/index.php?rest_route=\/wp\/v2\/posts\/2350","targetHints":{"allow":["GET"]}}],"collection":[{"href":"https:\/\/zonaroja.com.mx\/index.php?rest_route=\/wp\/v2\/posts"}],"about":[{"href":"https:\/\/zonaroja.com.mx\/index.php?rest_route=\/wp\/v2\/types\/post"}],"author":[{"embeddable":true,"href":"https:\/\/zonaroja.com.mx\/index.php?rest_route=\/wp\/v2\/users\/2"}],"replies":[{"embeddable":true,"href":"https:\/\/zonaroja.com.mx\/index.php?rest_route=%2Fwp%2Fv2%2Fcomments&post=2350"}],"version-history":[{"count":1,"href":"https:\/\/zonaroja.com.mx\/index.php?rest_route=\/wp\/v2\/posts\/2350\/revisions"}],"predecessor-version":[{"id":2352,"href":"https:\/\/zonaroja.com.mx\/index.php?rest_route=\/wp\/v2\/posts\/2350\/revisions\/2352"}],"wp:featuredmedia":[{"embeddable":true,"href":"https:\/\/zonaroja.com.mx\/index.php?rest_route=\/wp\/v2\/media\/2351"}],"wp:attachment":[{"href":"https:\/\/zonaroja.com.mx\/index.php?rest_route=%2Fwp%2Fv2%2Fmedia&parent=2350"}],"wp:term":[{"taxonomy":"category","embeddable":true,"href":"https:\/\/zonaroja.com.mx\/index.php?rest_route=%2Fwp%2Fv2%2Fcategories&post=2350"},{"taxonomy":"post_tag","embeddable":true,"href":"https:\/\/zonaroja.com.mx\/index.php?rest_route=%2Fwp%2Fv2%2Ftags&post=2350"}],"curies":[{"name":"wp","href":"https:\/\/api.w.org\/{rel}","templated":true}]}}