{"id":23501,"date":"2021-02-12T07:19:35","date_gmt":"2021-02-12T13:19:35","guid":{"rendered":"http:\/\/www.zonaroja.com.mx\/?p=23501"},"modified":"2021-02-12T13:59:11","modified_gmt":"2021-02-12T19:59:11","slug":"en-la-policia-municipal-de-oaxaca-de-juarez-hay-asaltantes-detienen-a-dos","status":"publish","type":"post","link":"https:\/\/zonaroja.com.mx\/?p=23501","title":{"rendered":"En la polic\u00eda municipal de Oaxaca de Ju\u00e1rez hay asaltantes; detienen a dos"},"content":{"rendered":"\n<p>Redacci\u00f3n\/Zona Roja.<\/p>\n\n\n\n<p>Oaxaca de Ju\u00e1rez, Oax., 12 de febrero de 2021.- Dos elementos de la Polic\u00eda Municipal de Oaxaca de Ju\u00e1rez fueron detenidos ayer, acusados de robo con violencia, cometido en la Central de Abasto.<\/p>\n\n\n\n<p>De acuerdo con la Fiscal\u00eda General del Estado de Oaxaca, ayer dio cumplimiento a la orden de aprehensi\u00f3n contra los masculinos I. A. P. G. (Irving Aldair), e I. A. R. (Isabel), quienes son se\u00f1alados como probables responsables del delito de robo calificado con violencia por equiparaci\u00f3n en perjuicio patrimonial de la v\u00edctima D. G. A., cometido en enero de 2021.<\/p>\n\n\n\n<p>En un comunicado, inform\u00f3 que los probables responsables fueron aprehendidos la tarde de este jueves 11 de febrero por elementos de la Agencia Estatal de Investigaciones y presentados de forma inmediata ante la autoridad judicial que los requiri\u00f3.<\/p>\n\n\n\n<p>De acuerdo con la causa penal 69\/2021, el 10 de enero de 2021, aproximadamente entre las 23:20 y 23:50 horas, los imputados \u2013en compa\u00f1\u00eda de otro sujeto- ingresaron al local de la v\u00edctima, ubicado en inmediaciones de la zona h\u00fameda del Mercado de Abasto y sustrajeron una fuerte suma de dinero y alimentos perecederos.<\/p>\n\n\n\n<p>Ante estos hechos, la Fiscal\u00eca inici\u00f3 la investigaci\u00f3n \u2013a trav\u00e9s de la Vicefiscal\u00eda Regional de Valles Centrales- realizando las diligencias correspondientes, logrando identificar, aprehender y presentar ante el Juez de Control a los probables responsables.<\/p>\n\n\n\n<p>En audiencia, los imputados se acogieron al t\u00e9rmino constitucional, mismo que fenece el pr\u00f3ximo 14 de febrero, quedando en tanto en prisi\u00f3n preventiva de manera provisional.<\/p>\n","protected":false},"excerpt":{"rendered":"<p>Redacci\u00f3n\/Zona Roja. Oaxaca de Ju\u00e1rez, Oax., 12 de febrero de 2021.- Dos elementos de la&hellip;<\/p>\n","protected":false},"author":2,"featured_media":13659,"comment_status":"closed","ping_status":"open","sticky":false,"template":"","format":"standard","meta":{"_lmt_disableupdate":"","_lmt_disable":"","_jetpack_memberships_contains_paid_content":false,"footnotes":""},"categories":[109,47],"tags":[148],"class_list":["post-23501","post","type-post","status-publish","format-standard","has-post-thumbnail","hentry","category-minuto-a-minuto","category-zona-gris","tag-oaxaca-de-juarez"],"jetpack_featured_media_url":"https:\/\/zonaroja.com.mx\/wp-content\/uploads\/2020\/06\/Polic\u00edas-municipales.jpg","jetpack_sharing_enabled":true,"_links":{"self":[{"href":"https:\/\/zonaroja.com.mx\/index.php?rest_route=\/wp\/v2\/posts\/23501","targetHints":{"allow":["GET"]}}],"collection":[{"href":"https:\/\/zonaroja.com.mx\/index.php?rest_route=\/wp\/v2\/posts"}],"about":[{"href":"https:\/\/zonaroja.com.mx\/index.php?rest_route=\/wp\/v2\/types\/post"}],"author":[{"embeddable":true,"href":"https:\/\/zonaroja.com.mx\/index.php?rest_route=\/wp\/v2\/users\/2"}],"replies":[{"embeddable":true,"href":"https:\/\/zonaroja.com.mx\/index.php?rest_route=%2Fwp%2Fv2%2Fcomments&post=23501"}],"version-history":[{"count":2,"href":"https:\/\/zonaroja.com.mx\/index.php?rest_route=\/wp\/v2\/posts\/23501\/revisions"}],"predecessor-version":[{"id":23519,"href":"https:\/\/zonaroja.com.mx\/index.php?rest_route=\/wp\/v2\/posts\/23501\/revisions\/23519"}],"wp:featuredmedia":[{"embeddable":true,"href":"https:\/\/zonaroja.com.mx\/index.php?rest_route=\/wp\/v2\/media\/13659"}],"wp:attachment":[{"href":"https:\/\/zonaroja.com.mx\/index.php?rest_route=%2Fwp%2Fv2%2Fmedia&parent=23501"}],"wp:term":[{"taxonomy":"category","embeddable":true,"href":"https:\/\/zonaroja.com.mx\/index.php?rest_route=%2Fwp%2Fv2%2Fcategories&post=23501"},{"taxonomy":"post_tag","embeddable":true,"href":"https:\/\/zonaroja.com.mx\/index.php?rest_route=%2Fwp%2Fv2%2Ftags&post=23501"}],"curies":[{"name":"wp","href":"https:\/\/api.w.org\/{rel}","templated":true}]}}