{"id":23503,"date":"2021-02-12T07:28:59","date_gmt":"2021-02-12T13:28:59","guid":{"rendered":"http:\/\/www.zonaroja.com.mx\/?p=23503"},"modified":"2021-02-12T07:29:02","modified_gmt":"2021-02-12T13:29:02","slug":"inician-construccion-de-la-escuela-judicial-de-oaxaca","status":"publish","type":"post","link":"https:\/\/zonaroja.com.mx\/?p=23503","title":{"rendered":"Inician construcci\u00f3n de la Escuela Judicial de Oaxaca"},"content":{"rendered":"\n<p>Redacci\u00f3n\/Zona Roja.<\/p>\n\n\n\n<p>Oaxaca de Ju\u00e1rez, Oax., 12 de febrero de 2021.- Los poderes Ejecutivo y Judicial iniciaron ayer la construcci\u00f3n de la primera etapa de la Escuela Judicial, que requerir\u00e1 de una inversi\u00f3n inicial de 20 millones de pesos.<\/p>\n\n\n\n<p>Se ubicar\u00e1 en un predio anexo al Centro Recreativo del Poder Judicial localizado en Tlalixtac de Cabrera, regi\u00f3n de los Valles Centrales, y ser\u00e1 el primer plantel antis\u00edsmico en Oaxaca, ya que contar\u00e1 con un sistema de seguridad estructural para resistir los sismos que llegaran a registrarse en la entidad.<\/p>\n\n\n\n<p>En un comunicado, el Gobierno del Estado inform\u00f3 que el acto fue presidido por el titular del Ejecutivo, Alejandro Murat Hinojosa, y el del Poder Judicial, Eduardo Pincho S\u00e1nchez.<\/p>\n\n\n\n<p>Con ello se sentar\u00e1n las bases de un proyecto que va a innovar la manera en que se crea y dise\u00f1a una infraestructura destinada a la educaci\u00f3n, as\u00ed como la manera en que se ense\u00f1a, se capacita y se profesionaliza para la impartici\u00f3n de la justicia en la entidad, detall\u00f3.<\/p>\n\n\n\n<figure class=\"wp-block-embed-twitter wp-block-embed is-type-rich is-provider-twitter\"><div class=\"wp-block-embed__wrapper\">\n<div class=\"twitter-tweet\"><blockquote class=\"twitter-tweet\" data-lang=\"es\"><p lang=\"es\" dir=\"ltr\">El Pdte. del TSJO, Magdo. Eduardo Pinacho S\u00e1nchez en compa\u00f1\u00eda del gobernador <a href=\"https:\/\/twitter.com\/alejandromurat?ref_src=twsrc%5Etfw\">@alejandromurat<\/a>, del titular del <a href=\"https:\/\/twitter.com\/INIFEDmx?ref_src=twsrc%5Etfw\">@INIFEDmx<\/a>, <a href=\"https:\/\/twitter.com\/Ing_JJimenezA?ref_src=twsrc%5Etfw\">@Ing_JJimenezA<\/a>, as\u00ed como de diputados federales y locales, dieron inicio a los trabajos de la 1.\u00aa etapa del edificio resiliente de la Escuela Judicial del PJE. <a href=\"https:\/\/t.co\/8MUQpGAFZX\">pic.twitter.com\/8MUQpGAFZX<\/a><\/p>&mdash; @TSJOaxaca (@tsjoaxaca) <a href=\"https:\/\/twitter.com\/tsjoaxaca\/status\/1359962024051171330?ref_src=twsrc%5Etfw\">11 de febrero de 2021<\/a><\/blockquote><\/div>\n<\/div><\/figure>\n\n\n\n<p>En presencia del director general del Instituto Nacional de la Infraestructura F\u00edsica Educativa (Inifed), Jorge Jim\u00e9nez Alcaraz, se detall\u00f3 que con este proyecto, el estado se convierte en pionero del modelo de escuela de estructura hidr\u00e1ulica, mismo que se replicar\u00e1 en otros estados del pa\u00eds para preservar la seguridad y la vida de maestros, estudiantes y personal administrativo, donde los sismos son una amenaza constante.<\/p>\n\n\n\n<p>En su mensaje, el magistrado Eduardo Pinacho S\u00e1nchez coment\u00f3 que este proyecto les permitir\u00e1 contar con espacios dignos para el fomento de la educaci\u00f3n porque no solo educan a sus propios operadores sino en los cursos, seminarios, coloquios, conferencias y especialidades tienen cabida los abogados oaxaque\u00f1os, as\u00ed como acad\u00e9micos, sociedad civil y abogados que forman parte de las dem\u00e1s instituciones p\u00fablicas.<\/p>\n\n\n\n<p>La primera etapa de la Escuela Judicial contempla la construcci\u00f3n de siete aulas, vest\u00edbulos, cub\u00edculos, m\u00f3dulos sanitarios, cimentaci\u00f3n y estructura, acabados, canceler\u00eda, construcci\u00f3n de andadores, cisterna y conexi\u00f3n al drenaje.<\/p>\n","protected":false},"excerpt":{"rendered":"<p>Redacci\u00f3n\/Zona Roja. Oaxaca de Ju\u00e1rez, Oax., 12 de febrero de 2021.- Los poderes Ejecutivo y&hellip;<\/p>\n","protected":false},"author":2,"featured_media":23504,"comment_status":"closed","ping_status":"open","sticky":false,"template":"","format":"standard","meta":{"_lmt_disableupdate":"","_lmt_disable":"","_jetpack_memberships_contains_paid_content":false,"footnotes":""},"categories":[109,46],"tags":[223],"class_list":["post-23503","post","type-post","status-publish","format-standard","has-post-thumbnail","hentry","category-minuto-a-minuto","category-zona-blanca","tag-poder-judicial-de-oaxaca"],"jetpack_featured_media_url":"https:\/\/zonaroja.com.mx\/wp-content\/uploads\/2021\/02\/AMH-3.jpeg","jetpack_sharing_enabled":true,"_links":{"self":[{"href":"https:\/\/zonaroja.com.mx\/index.php?rest_route=\/wp\/v2\/posts\/23503","targetHints":{"allow":["GET"]}}],"collection":[{"href":"https:\/\/zonaroja.com.mx\/index.php?rest_route=\/wp\/v2\/posts"}],"about":[{"href":"https:\/\/zonaroja.com.mx\/index.php?rest_route=\/wp\/v2\/types\/post"}],"author":[{"embeddable":true,"href":"https:\/\/zonaroja.com.mx\/index.php?rest_route=\/wp\/v2\/users\/2"}],"replies":[{"embeddable":true,"href":"https:\/\/zonaroja.com.mx\/index.php?rest_route=%2Fwp%2Fv2%2Fcomments&post=23503"}],"version-history":[{"count":1,"href":"https:\/\/zonaroja.com.mx\/index.php?rest_route=\/wp\/v2\/posts\/23503\/revisions"}],"predecessor-version":[{"id":23505,"href":"https:\/\/zonaroja.com.mx\/index.php?rest_route=\/wp\/v2\/posts\/23503\/revisions\/23505"}],"wp:featuredmedia":[{"embeddable":true,"href":"https:\/\/zonaroja.com.mx\/index.php?rest_route=\/wp\/v2\/media\/23504"}],"wp:attachment":[{"href":"https:\/\/zonaroja.com.mx\/index.php?rest_route=%2Fwp%2Fv2%2Fmedia&parent=23503"}],"wp:term":[{"taxonomy":"category","embeddable":true,"href":"https:\/\/zonaroja.com.mx\/index.php?rest_route=%2Fwp%2Fv2%2Fcategories&post=23503"},{"taxonomy":"post_tag","embeddable":true,"href":"https:\/\/zonaroja.com.mx\/index.php?rest_route=%2Fwp%2Fv2%2Ftags&post=23503"}],"curies":[{"name":"wp","href":"https:\/\/api.w.org\/{rel}","templated":true}]}}