{"id":23506,"date":"2021-02-12T07:42:32","date_gmt":"2021-02-12T13:42:32","guid":{"rendered":"http:\/\/www.zonaroja.com.mx\/?p=23506"},"modified":"2021-02-12T07:42:35","modified_gmt":"2021-02-12T13:42:35","slug":"biden-cancela-el-muro-de-trump-por-politica-migratoria","status":"publish","type":"post","link":"https:\/\/zonaroja.com.mx\/?p=23506","title":{"rendered":"Biden cancela el muro de Trump por pol\u00edtica migratoria"},"content":{"rendered":"\n<p>Redacci\u00f3n\/Zona Roja Cdmx.<\/p>\n\n\n\n<p>Ciudad de M\u00e9xico, 12 de febrero de 2021.- El presidente de Estados Unidos, Joe Biden, rescindi\u00f3 la declaraci\u00f3n de \u00abemergencia nacional\u00bb en la frontera con M\u00e9xico con la cual su predecesor, Donald Trump, justific\u00f3 el uso de miles de millones de d\u00f3lares asignados a gastos militares para la construcci\u00f3n de un muro fronterizo.<\/p>\n\n\n\n<p>La Casa Blanca public\u00f3 una carta de Biden a la presidenta de la C\u00e1mara de Representantes, Nancy Pelosi, en la que notificaba al Congreso que hab\u00eda rescindido la proclama del 15 febrero de 2019 hecha por su predecesor.<\/p>\n\n\n\n<p>En su misiva, el Presidente dijo que la declaraci\u00f3n de emergencia nacional hecha por Trump hab\u00eda sido \u201cinjustificada\u201d y que \u00e9l hab\u00eda dado la instrucci\u00f3n de que \u201cni un d\u00f3lar m\u00e1s de los contribuyentes estadounidenses sea destinado a construir un muro fronterizo\u201d.<\/p>\n\n\n\n<p>Estados Unidos ha estado construyendo vallas fronterizas por d\u00e9cadas, tanto en gobiernos dem\u00f3cratas como republicanos. Trump hizo del muro un tema central de su primera campa\u00f1a presidencial, y prometi\u00f3 construir uno que abarcara la frontera entera y que M\u00e9xico pagar\u00eda por \u00e9l.<\/p>\n\n\n\n<p>Trump se hizo de cerca de 6 mil millones de d\u00f3lares de fondos militares bajo la emergencia nacional que \u00e9l mismo declar\u00f3 despu\u00e9s que el Congreso se neg\u00f3 a aprobar el monto que deseaba para el muro.<\/p>\n\n\n\n<p>Ayer en su conferencia ma\u00f1anera, el mandatario mexicano, Andr\u00e9s Manuel L\u00f3pez Obrador, asegur\u00f3 que todav\u00eda tardar\u00e1 en aplicarse una pol\u00edtica migratoria en EU y alert\u00f3 a migrantes a no pasar por Tamaulipas.<\/p>\n\n\n\n<p>AMLO advirti\u00f3 que \u00aben el vecino pa\u00eds del norte siguen las deportaciones y que&nbsp; su par estadounidense le inform\u00f3 que les llevar\u00e1 tiempo ordenar una pol\u00edtica migratoria, porque no se puede aplicar de un d\u00eda a otro\u00bb.<\/p>\n\n\n\n<p>El mandatario mexicano afirm\u00f3 que contin\u00faan las deportaciones como se daban en el gobierno anterior. Que tengan, a\u00f1adi\u00f3, nuestros hermanos migrantes esta informaci\u00f3n y no se dejen enga\u00f1ar por traficantes de personas que les pintan un mundo rosa.<\/p>\n\n\n\n<p>(Informaci\u00f3n de \u201cEl Heraldo de M\u00e9xico\u201d)<\/p>\n","protected":false},"excerpt":{"rendered":"<p>Redacci\u00f3n\/Zona Roja Cdmx. Ciudad de M\u00e9xico, 12 de febrero de 2021.- El presidente de Estados&hellip;<\/p>\n","protected":false},"author":2,"featured_media":23507,"comment_status":"closed","ping_status":"open","sticky":false,"template":"","format":"standard","meta":{"_lmt_disableupdate":"","_lmt_disable":"","_jetpack_memberships_contains_paid_content":false,"footnotes":""},"categories":[109,47],"tags":[2446],"class_list":["post-23506","post","type-post","status-publish","format-standard","has-post-thumbnail","hentry","category-minuto-a-minuto","category-zona-gris","tag-muro-mexico-estados-unidos"],"jetpack_featured_media_url":"https:\/\/zonaroja.com.mx\/wp-content\/uploads\/2021\/02\/Muro-Mexico-Estados-Unidos.jpg","jetpack_sharing_enabled":true,"_links":{"self":[{"href":"https:\/\/zonaroja.com.mx\/index.php?rest_route=\/wp\/v2\/posts\/23506","targetHints":{"allow":["GET"]}}],"collection":[{"href":"https:\/\/zonaroja.com.mx\/index.php?rest_route=\/wp\/v2\/posts"}],"about":[{"href":"https:\/\/zonaroja.com.mx\/index.php?rest_route=\/wp\/v2\/types\/post"}],"author":[{"embeddable":true,"href":"https:\/\/zonaroja.com.mx\/index.php?rest_route=\/wp\/v2\/users\/2"}],"replies":[{"embeddable":true,"href":"https:\/\/zonaroja.com.mx\/index.php?rest_route=%2Fwp%2Fv2%2Fcomments&post=23506"}],"version-history":[{"count":1,"href":"https:\/\/zonaroja.com.mx\/index.php?rest_route=\/wp\/v2\/posts\/23506\/revisions"}],"predecessor-version":[{"id":23508,"href":"https:\/\/zonaroja.com.mx\/index.php?rest_route=\/wp\/v2\/posts\/23506\/revisions\/23508"}],"wp:featuredmedia":[{"embeddable":true,"href":"https:\/\/zonaroja.com.mx\/index.php?rest_route=\/wp\/v2\/media\/23507"}],"wp:attachment":[{"href":"https:\/\/zonaroja.com.mx\/index.php?rest_route=%2Fwp%2Fv2%2Fmedia&parent=23506"}],"wp:term":[{"taxonomy":"category","embeddable":true,"href":"https:\/\/zonaroja.com.mx\/index.php?rest_route=%2Fwp%2Fv2%2Fcategories&post=23506"},{"taxonomy":"post_tag","embeddable":true,"href":"https:\/\/zonaroja.com.mx\/index.php?rest_route=%2Fwp%2Fv2%2Ftags&post=23506"}],"curies":[{"name":"wp","href":"https:\/\/api.w.org\/{rel}","templated":true}]}}