{"id":23510,"date":"2021-02-12T08:06:16","date_gmt":"2021-02-12T14:06:16","guid":{"rendered":"http:\/\/www.zonaroja.com.mx\/?p=23510"},"modified":"2021-02-12T08:06:19","modified_gmt":"2021-02-12T14:06:19","slug":"ejecutan-a-guardia-de-seguridad-en-bar-de-san-antonio-de-la-cal-oaxaca","status":"publish","type":"post","link":"https:\/\/zonaroja.com.mx\/?p=23510","title":{"rendered":"Ejecutan a guardia de seguridad en bar de San Antonio de la Cal, Oaxaca"},"content":{"rendered":"\n<p>Redacci\u00f3n\/Zona Roja.<\/p>\n\n\n\n<p>Oaxaca de Ju\u00e1rez, Oax., 12 de febrero de 2021.- Un guardia de seguridad de un bar ubicado en la jurisdicci\u00f3n de San Antonio de la cal, fue ejecutado a balazos anoche.<\/p>\n\n\n\n<p>De acuerdo con reportes policiacos, el crimen se perpetr\u00f3 alrededor de las 22:00 horas en el establecimiento denominado \u201cHong Kong\u201d, ubicado en las riberas del r\u00edo \u201cSalado\u201d.<\/p>\n\n\n\n<p>La v\u00edctima fue identificada como C\u00e9sar C. R., de aproximadamente 25 a\u00f1os de edad, responsable de la seguridad del club nocturno; los agresores presuntamente viajaban a bordo de una motocicleta, quienes huyeron con tranquilidad, a falta de elementos policiacos en la zona.<\/p>\n\n\n\n<p>En San Antonio de la Cal, municipio conurbado por la zona sur de la ciudad de Oaxaca, en diciembre del a\u00f1o pasado se cometieron tres homicidios y en enero uno, entre ellos el de dos mujeres, casos hasta ahora no esclarecidos.<\/p>\n\n\n\n<p>El s\u00e1bado 9 de enero de este a\u00f1o fue descubierto el cuerpo de una femenina, que fue tirado en un terreno de sembrad\u00edo cerca del r\u00edo \u201cSalado\u201d.<\/p>\n\n\n\n<p>El martes 29 de diciembre pasado fue ultimado un individuo y su cuerpo hallado cerca del mismo r\u00edo y aleda\u00f1o a la zona del bar \u201cHong Kong\u201d; la femenina, Nayelli S. G., fue asesinada el pasado 26 de diciembre en su domicilio y le dejaron una cartulina con amenazas.<\/p>\n\n\n\n<p>El 8 de diciembre ocurri\u00f3 otro crimen, en un lavaautos, en el centro de dicho municipio.<\/p>\n","protected":false},"excerpt":{"rendered":"<p>Redacci\u00f3n\/Zona Roja. Oaxaca de Ju\u00e1rez, Oax., 12 de febrero de 2021.- Un guardia de seguridad&hellip;<\/p>\n","protected":false},"author":2,"featured_media":23511,"comment_status":"closed","ping_status":"open","sticky":false,"template":"","format":"standard","meta":{"_lmt_disableupdate":"","_lmt_disable":"","_jetpack_memberships_contains_paid_content":false,"footnotes":""},"categories":[109,51],"tags":[875],"class_list":["post-23510","post","type-post","status-publish","format-standard","has-post-thumbnail","hentry","category-minuto-a-minuto","category-zona-roja","tag-san-antonio-de-la-cal"],"jetpack_featured_media_url":"https:\/\/zonaroja.com.mx\/wp-content\/uploads\/2021\/02\/Ejecutado-San-Antonio-de-la-Cal.jpg","jetpack_sharing_enabled":true,"_links":{"self":[{"href":"https:\/\/zonaroja.com.mx\/index.php?rest_route=\/wp\/v2\/posts\/23510","targetHints":{"allow":["GET"]}}],"collection":[{"href":"https:\/\/zonaroja.com.mx\/index.php?rest_route=\/wp\/v2\/posts"}],"about":[{"href":"https:\/\/zonaroja.com.mx\/index.php?rest_route=\/wp\/v2\/types\/post"}],"author":[{"embeddable":true,"href":"https:\/\/zonaroja.com.mx\/index.php?rest_route=\/wp\/v2\/users\/2"}],"replies":[{"embeddable":true,"href":"https:\/\/zonaroja.com.mx\/index.php?rest_route=%2Fwp%2Fv2%2Fcomments&post=23510"}],"version-history":[{"count":1,"href":"https:\/\/zonaroja.com.mx\/index.php?rest_route=\/wp\/v2\/posts\/23510\/revisions"}],"predecessor-version":[{"id":23512,"href":"https:\/\/zonaroja.com.mx\/index.php?rest_route=\/wp\/v2\/posts\/23510\/revisions\/23512"}],"wp:featuredmedia":[{"embeddable":true,"href":"https:\/\/zonaroja.com.mx\/index.php?rest_route=\/wp\/v2\/media\/23511"}],"wp:attachment":[{"href":"https:\/\/zonaroja.com.mx\/index.php?rest_route=%2Fwp%2Fv2%2Fmedia&parent=23510"}],"wp:term":[{"taxonomy":"category","embeddable":true,"href":"https:\/\/zonaroja.com.mx\/index.php?rest_route=%2Fwp%2Fv2%2Fcategories&post=23510"},{"taxonomy":"post_tag","embeddable":true,"href":"https:\/\/zonaroja.com.mx\/index.php?rest_route=%2Fwp%2Fv2%2Ftags&post=23510"}],"curies":[{"name":"wp","href":"https:\/\/api.w.org\/{rel}","templated":true}]}}