{"id":23520,"date":"2021-02-12T15:40:27","date_gmt":"2021-02-12T21:40:27","guid":{"rendered":"http:\/\/www.zonaroja.com.mx\/?p=23520"},"modified":"2021-02-12T15:40:32","modified_gmt":"2021-02-12T21:40:32","slug":"tambien-el-fpr-se-va-a-la-cdmx-ante-la-falta-de-atencion-del-gobierno-de-oaxaca","status":"publish","type":"post","link":"https:\/\/zonaroja.com.mx\/?p=23520","title":{"rendered":"Tambi\u00e9n el FPR se va a la Cdmx, ante la falta de atenci\u00f3n del gobierno de Oaxaca"},"content":{"rendered":"\n<p>Evlin Arag\u00f3n\/Zona Roja.<\/p>\n\n\n\n<p>Oaxaca de Ju\u00e1rez, Oax., 12 de febrero de 2021.- Integrantes del Frente Popular Revolucionario (FPR) anunciaron una serie de movilizaciones en la Ciudad de M\u00e9xico, con la intenci\u00f3n de hacer visibles las exigencias sociales que no han sido atendidas por el gobierno de Oaxaca, encabezado por Alejandro Murat Hinojosa.&nbsp;<\/p>\n\n\n\n<p>La actividad ha sido denominada como \u201cJornada nacional de lucha por pan, salud, trabajo y justicia\u201d, la cual se llevar\u00e1 a cabo los d\u00edas 15, 16 y 17 de febrero, en la capital del pa\u00eds, con la intenci\u00f3n que las demandas sociales, econ\u00f3micas, laborales y de justicia llegue a o\u00eddos del gobierno federal.&nbsp;&nbsp;<\/p>\n\n\n\n<p>As\u00ed lo dio a conocer en conferencia de prensa Macario Otalo Padilla, dirigente del FPR, quien lamento que, pese a la pandemia, que a\u00fan afecta de manera considerable al pa\u00eds, se vean en la necesidad de salir a las calles a pedir atenci\u00f3n por parte de las autoridades.&nbsp;<\/p>\n\n\n\n<p>Y es que, de acuerdo con el luchador social, hay un profundo abandono gubernamental en diversos sectores que obligan a la poblaci\u00f3n a salir \u2013con todo el riesgo de contagio que representa- antes que morir de hambre, debido a la crisis econ\u00f3mica que se vive actualmente.&nbsp;<\/p>\n\n\n\n<p>\u201c\u2026la situaci\u00f3n de abandono del gobierno, nos llevar\u00e1 a morir de hambre o de cualquier padecimiento si seguimos cruzados de brazos y seguimos viendo que se est\u00e1 privilegiando los intereses de los grandes ricos\u201d, refiri\u00f3 en conferencia de prensa.<\/p>\n\n\n\n<p>Por lo anterior llamaron a las organizaciones sociales a organizarse y participar en la movilizaci\u00f3n que se replicar\u00e1 en diversos lugares del territorio nacional, para hacer evidentes las necesidades del pueblo y la falta de apoyo por parte de las autoridades, pese a la contingencia que se vive.\u00a0<\/p>\n\n\n\n<figure class=\"wp-block-embed-twitter wp-block-embed is-type-rich is-provider-twitter\"><div class=\"wp-block-embed__wrapper\">\n<div class=\"twitter-tweet\"><blockquote class=\"twitter-tweet\" data-lang=\"es\"><p lang=\"es\" dir=\"ltr\"><a href=\"https:\/\/twitter.com\/hashtag\/%C3%9AltimoMinuto?src=hash&amp;ref_src=twsrc%5Etfw\">#\u00daltimoMinuto<\/a> <br>El <a href=\"https:\/\/twitter.com\/FPR_OAXACA?ref_src=twsrc%5Etfw\">@FPR_OAXACA<\/a> ofrece esta ma\u00f1ana una conferencia de prensa, en que denuncia nula atenci\u00f3n del <a href=\"https:\/\/twitter.com\/GobOax?ref_src=twsrc%5Etfw\">@GobOax<\/a> a sus demandas sociales y de justicia; anuncian una movilizaci\u00f3n a nivel nacional. <a href=\"https:\/\/t.co\/MeuOBLyLmd\">pic.twitter.com\/MeuOBLyLmd<\/a><\/p>&mdash; Zona Roja Oaxaca (@Zona_Roja_Oax) <a href=\"https:\/\/twitter.com\/Zona_Roja_Oax\/status\/1360248032294359040?ref_src=twsrc%5Etfw\">12 de febrero de 2021<\/a><\/blockquote><\/div>\n<\/div><\/figure>\n\n\n\n<p>\u201cLlamamos a toda la clase obrera y los pueblos de M\u00e9xico a insistir en la construcci\u00f3n de la unidad m\u00e1s amplia de todos los trabajadores del campo y la ciudad para impulsar la lucha por un gobierno de obreros y campesinos pobres, para ello es urgente la construcci\u00f3n de una Asamblea Nacional del Proletariado y los Pueblos de M\u00e9xico.<\/p>\n\n\n\n<p>Finalmente, reprocharon que el gobierno de la Cuarta Transformaci\u00f3n ha recortado miles de apoyos destinado a grupos vulnerables y comunidades marginadas de Guerrero, Chiapas y Oaxaca que no cuentan con hospitales, personal m\u00e9dico y medicamentos, as\u00ed mismo sin servicio b\u00e1sicos como el agua potable, electrificaci\u00f3n o drenaje.&nbsp;<\/p>\n\n\n\n<p>Algunas de las organizaciones participantes en la jornada de lucha son: la Coordinaci\u00f3n de Trabajadores Unidos de M\u00e9xico, Organizaciones laborales y sindicales, Coordinadora del Movimiento Amplio Popular, Unidad C\u00edvica Felipe Carrillo Puerto.<\/p>\n\n\n\n<p>As\u00ed mismo el Frente Campesino Popular de Chiapas, Presidencia Ind\u00edgena Mazahua de San Felipe de la Rosa, Sindicato \u00danico de Trabajadores de NOTIMEX, Frente Popular Revolucionario, Asamblea General de Trabajadores, y el Sindicato de la Uni\u00f3n de Trabajadores del Instituto de Educaci\u00f3n Superior.<\/p>\n","protected":false},"excerpt":{"rendered":"<p>Evlin Arag\u00f3n\/Zona Roja. Oaxaca de Ju\u00e1rez, Oax., 12 de febrero de 2021.- Integrantes del Frente&hellip;<\/p>\n","protected":false},"author":2,"featured_media":23521,"comment_status":"closed","ping_status":"open","sticky":false,"template":"","format":"standard","meta":{"_lmt_disableupdate":"","_lmt_disable":"","_jetpack_memberships_contains_paid_content":false,"footnotes":""},"categories":[109,47],"tags":[1687],"class_list":["post-23520","post","type-post","status-publish","format-standard","has-post-thumbnail","hentry","category-minuto-a-minuto","category-zona-gris","tag-frente-popular-revolucionario-fpr"],"jetpack_featured_media_url":"https:\/\/zonaroja.com.mx\/wp-content\/uploads\/2021\/02\/FPR-conferencia.jpg","jetpack_sharing_enabled":true,"_links":{"self":[{"href":"https:\/\/zonaroja.com.mx\/index.php?rest_route=\/wp\/v2\/posts\/23520","targetHints":{"allow":["GET"]}}],"collection":[{"href":"https:\/\/zonaroja.com.mx\/index.php?rest_route=\/wp\/v2\/posts"}],"about":[{"href":"https:\/\/zonaroja.com.mx\/index.php?rest_route=\/wp\/v2\/types\/post"}],"author":[{"embeddable":true,"href":"https:\/\/zonaroja.com.mx\/index.php?rest_route=\/wp\/v2\/users\/2"}],"replies":[{"embeddable":true,"href":"https:\/\/zonaroja.com.mx\/index.php?rest_route=%2Fwp%2Fv2%2Fcomments&post=23520"}],"version-history":[{"count":1,"href":"https:\/\/zonaroja.com.mx\/index.php?rest_route=\/wp\/v2\/posts\/23520\/revisions"}],"predecessor-version":[{"id":23522,"href":"https:\/\/zonaroja.com.mx\/index.php?rest_route=\/wp\/v2\/posts\/23520\/revisions\/23522"}],"wp:featuredmedia":[{"embeddable":true,"href":"https:\/\/zonaroja.com.mx\/index.php?rest_route=\/wp\/v2\/media\/23521"}],"wp:attachment":[{"href":"https:\/\/zonaroja.com.mx\/index.php?rest_route=%2Fwp%2Fv2%2Fmedia&parent=23520"}],"wp:term":[{"taxonomy":"category","embeddable":true,"href":"https:\/\/zonaroja.com.mx\/index.php?rest_route=%2Fwp%2Fv2%2Fcategories&post=23520"},{"taxonomy":"post_tag","embeddable":true,"href":"https:\/\/zonaroja.com.mx\/index.php?rest_route=%2Fwp%2Fv2%2Ftags&post=23520"}],"curies":[{"name":"wp","href":"https:\/\/api.w.org\/{rel}","templated":true}]}}