{"id":23523,"date":"2021-02-12T16:41:44","date_gmt":"2021-02-12T22:41:44","guid":{"rendered":"http:\/\/www.zonaroja.com.mx\/?p=23523"},"modified":"2021-02-12T16:41:48","modified_gmt":"2021-02-12T22:41:48","slug":"humillan-a-funcionario-de-la-segego-en-bloqueo-tras-lo-cual-retiran-protesta","status":"publish","type":"post","link":"https:\/\/zonaroja.com.mx\/?p=23523","title":{"rendered":"Humillan a funcionario de la Segego en bloqueo, tras lo cual retiran protesta"},"content":{"rendered":"\n<p>Yuridiana Sosa\/Zona Roja.<\/p>\n\n\n\n<p>Oaxaca de Ju\u00e1rez, Oax., 12 de febrero de 2021.- Luego de la retenci\u00f3n de funcionarios de la Secretar\u00eda General de Gobierno (Segego), y de obligar a Jorge Toledo Toledo, representante en la negociaci\u00f3n, a \u201cbotear\u201d este viernes, los habitantes de San Juan Mazatl\u00e1n Mixe retiraron el bloqueo de cuatro d\u00edas en el Istmo.<\/p>\n\n\n\n<p>Sin darse a conocer sobre los detalles de los acuerdos entre la poblaci\u00f3n inconforme con la autoridad municipal y la Segego, la tarde de este viernes los habitantes retiraron los bloqueos que instalaron en el Istmo y que afect\u00f3 el paso para las regiones de Valles Centrales y la Cuenca, as\u00ed como al estado de Veracruz.<\/p>\n\n\n\n<p>Durante esta ma\u00f1ana, a\u00fan en calidad de retenido junto a otros dos funcionarios de la Segego, Toledo Toledo fue obligado a participar en el cobro de paso a los transportistas afectados por el cierre de la circulaci\u00f3n en la carretera Trans\u00edstmica&nbsp; 185, subtramo Piedra Blanca-Mat\u00edas Romero, en el entronque a Boca del Monte, de San Juan Guachicovi.<\/p>\n\n\n\n<p>Horas despu\u00e9s, se dio a conocer de la decisi\u00f3n de los pobladores, quienes desde el pasado lunes comenzaron con su manifestaci\u00f3n para exigir la destituci\u00f3n de su presidente municipal, Macario Eleuterio Jim\u00e9nez, electo por Sistemas Normativos Interno.<\/p>\n\n\n\n<p>La molestia de los habitantes creci\u00f3 cuando la Segego inform\u00f3 que no ten\u00edan facultad para la destituci\u00f3n del edil y menos en la entrega de los recursos que la autoridad no hab\u00eda entregado a las agencias municipales.<\/p>\n","protected":false},"excerpt":{"rendered":"<p>Yuridiana Sosa\/Zona Roja. Oaxaca de Ju\u00e1rez, Oax., 12 de febrero de 2021.- Luego de la&hellip;<\/p>\n","protected":false},"author":2,"featured_media":23524,"comment_status":"closed","ping_status":"open","sticky":false,"template":"","format":"standard","meta":{"_lmt_disableupdate":"","_lmt_disable":"","_jetpack_memberships_contains_paid_content":false,"footnotes":""},"categories":[109,47],"tags":[2121],"class_list":["post-23523","post","type-post","status-publish","format-standard","has-post-thumbnail","hentry","category-minuto-a-minuto","category-zona-gris","tag-secretaria-general-de-gobierno-segego"],"jetpack_featured_media_url":"https:\/\/zonaroja.com.mx\/wp-content\/uploads\/2021\/02\/Segego-bloqueo-Transistmica.jpg","jetpack_sharing_enabled":true,"_links":{"self":[{"href":"https:\/\/zonaroja.com.mx\/index.php?rest_route=\/wp\/v2\/posts\/23523","targetHints":{"allow":["GET"]}}],"collection":[{"href":"https:\/\/zonaroja.com.mx\/index.php?rest_route=\/wp\/v2\/posts"}],"about":[{"href":"https:\/\/zonaroja.com.mx\/index.php?rest_route=\/wp\/v2\/types\/post"}],"author":[{"embeddable":true,"href":"https:\/\/zonaroja.com.mx\/index.php?rest_route=\/wp\/v2\/users\/2"}],"replies":[{"embeddable":true,"href":"https:\/\/zonaroja.com.mx\/index.php?rest_route=%2Fwp%2Fv2%2Fcomments&post=23523"}],"version-history":[{"count":1,"href":"https:\/\/zonaroja.com.mx\/index.php?rest_route=\/wp\/v2\/posts\/23523\/revisions"}],"predecessor-version":[{"id":23525,"href":"https:\/\/zonaroja.com.mx\/index.php?rest_route=\/wp\/v2\/posts\/23523\/revisions\/23525"}],"wp:featuredmedia":[{"embeddable":true,"href":"https:\/\/zonaroja.com.mx\/index.php?rest_route=\/wp\/v2\/media\/23524"}],"wp:attachment":[{"href":"https:\/\/zonaroja.com.mx\/index.php?rest_route=%2Fwp%2Fv2%2Fmedia&parent=23523"}],"wp:term":[{"taxonomy":"category","embeddable":true,"href":"https:\/\/zonaroja.com.mx\/index.php?rest_route=%2Fwp%2Fv2%2Fcategories&post=23523"},{"taxonomy":"post_tag","embeddable":true,"href":"https:\/\/zonaroja.com.mx\/index.php?rest_route=%2Fwp%2Fv2%2Ftags&post=23523"}],"curies":[{"name":"wp","href":"https:\/\/api.w.org\/{rel}","templated":true}]}}