{"id":23526,"date":"2021-02-12T17:00:20","date_gmt":"2021-02-12T23:00:20","guid":{"rendered":"http:\/\/www.zonaroja.com.mx\/?p=23526"},"modified":"2021-02-12T19:28:38","modified_gmt":"2021-02-13T01:28:38","slug":"otro-baile-en-la-cuenca-en-plena-pandemia-ahora-en-san-juan-lalana","status":"publish","type":"post","link":"https:\/\/zonaroja.com.mx\/?p=23526","title":{"rendered":"Otro baile en la Cuenca, en plena pandemia, ahora en San Juan Lalana"},"content":{"rendered":"\n<p>Yuridiana Sosa\/Zona Roja.<\/p>\n\n\n\n<p>San Juan Bautista Tuxtepec, Oax., 12 de febrero de 2021.- Los bailes en las comunidades oaxaque\u00f1as no tienen control al inicio de este a\u00f1o, a pesar del alto n\u00famero de casos de Covid-10; de acuerdo con los Servicios de Salud, ha habido un promedio de 300 contagiados diariamente en las \u00faltimas semanas.<\/p>\n\n\n\n<p>Pero en varias comunidades de la regi\u00f3n de la Cuenca eso no ha importado y ahora se suma San Juan Lalana, donde en enero, despu\u00e9s de su vecino municipio de Santiago Cho\u00e1pam, tambi\u00e9n tuvo su festividad patronal con baile popular.<\/p>\n\n\n\n<p>La fiesta en este municipio, encabezado por Francisco Pastor Bola\u00f1os, se realiz\u00f3 el pasado 24 de enero de este a\u00f1o en la comunidad de Arroyo Tomate, en honor a San Pablo.<\/p>\n\n\n\n<p>El baile, al que acudieron cientos de personas, se realiz\u00f3 en una cancha techada, y de acuerdo con el cartel de la invitaci\u00f3n, se efectu\u00f3 \u201cen el lugar de costumbre\u201d.&nbsp; La animaci\u00f3n estuvo a cargo del conjunto \u201cMar Azul\u201d, de Pinotepa Nacional, y el grupo \u201cChepe y sus Teclados\u201d.<\/p>\n\n\n\n<p>A la fiesta asistieron, de acuerdo con videos posteados en redes sociales, principalmente Facebook, personas adultas mayores, ni\u00f1os y en general, las personas permanecieron sin cubrebocas.<\/p>\n\n\n\n<figure class=\"wp-block-embed-twitter wp-block-embed is-type-rich is-provider-twitter\"><div class=\"wp-block-embed__wrapper\">\n<div class=\"twitter-tweet\"><blockquote class=\"twitter-tweet\" data-lang=\"es\"><p lang=\"es\" dir=\"ltr\"><a href=\"https:\/\/twitter.com\/hashtag\/%C3%9AltimoMinuto?src=hash&amp;ref_src=twsrc%5Etfw\">#\u00daltimoMinuto<\/a> <br>Tras el \u201cbailazo\u201d en San Juan del R\u00edo y decenas de muertos y positivos a Covid-19, revelan que tambi\u00e9n en Arroyo Tomate, San Juan <a href=\"https:\/\/twitter.com\/hashtag\/Lalana?src=hash&amp;ref_src=twsrc%5Etfw\">#Lalana<\/a>, <a href=\"https:\/\/twitter.com\/hashtag\/Oaxaca?src=hash&amp;ref_src=twsrc%5Etfw\">#Oaxaca<\/a>, hubo fiesta popular, el 24 de enero, con dos grupos populares; a\u00fan no reportan contagios masivos. <a href=\"https:\/\/t.co\/7ublyh8GgL\">pic.twitter.com\/7ublyh8GgL<\/a><\/p>&mdash; Zona Roja Oaxaca (@Zona_Roja_Oax) <a href=\"https:\/\/twitter.com\/Zona_Roja_Oax\/status\/1360377501009272833?ref_src=twsrc%5Etfw\">12 de febrero de 2021<\/a><\/blockquote><\/div>\n<\/div><\/figure>\n\n\n\n<p>Pero un mes antes, en otra localidad de San Juan Lalana, del distrito de Choapam, tambi\u00e9n se realiz\u00f3 otro baile, ahora en Paso del \u00c1guila el 24 de diciembre. \u201cS\u00faper bailazo\u201d, se anunci\u00f3 en el cartel promocional, donde el grupo \u201cLos Chicos Consentidos\u201d amenizaron el baile gratis.<\/p>\n\n\n\n<p>Hasta el momento, el presidente de San Juan Lalana, Francisco Pastor, no ha anunciado alg\u00fan brote de Covid-19 en el municipio, donde de forma oficial, de acuerdo a la Secretar\u00eda de Salud al corte de este 11 de febrero, existen 12 casos acumulados, 13 m\u00e1s se encuentran en calidad de sospechosos y no se han registrado defunciones.<\/p>\n\n\n\n<p>San Juan Lalana cuenta con una poblaci\u00f3n de 16 mil 989 habitantes, de acuerdo al Censo 2020 de INEGI.<\/p>\n\n\n\n<p>Datos anteriores, indican que en la comunidad de Arroyo Tomate cuenta con 480 habitantes y calificado con alto nivel de marginaci\u00f3n por la antigua Secretar\u00eda de Desarrollo Social, as\u00ed como Paso de \u00c1guila, con 630 habitantes.<\/p>\n","protected":false},"excerpt":{"rendered":"<p>Yuridiana Sosa\/Zona Roja. San Juan Bautista Tuxtepec, Oax., 12 de febrero de 2021.- Los bailes&hellip;<\/p>\n","protected":false},"author":2,"featured_media":23527,"comment_status":"closed","ping_status":"open","sticky":false,"template":"","format":"standard","meta":{"_lmt_disableupdate":"","_lmt_disable":"","_jetpack_memberships_contains_paid_content":false,"footnotes":""},"categories":[109,47],"tags":[1083],"class_list":["post-23526","post","type-post","status-publish","format-standard","has-post-thumbnail","hentry","category-minuto-a-minuto","category-zona-gris","tag-san-juan-lalana"],"jetpack_featured_media_url":"https:\/\/zonaroja.com.mx\/wp-content\/uploads\/2021\/02\/San-Juan-Lalana.jpg","jetpack_sharing_enabled":true,"_links":{"self":[{"href":"https:\/\/zonaroja.com.mx\/index.php?rest_route=\/wp\/v2\/posts\/23526","targetHints":{"allow":["GET"]}}],"collection":[{"href":"https:\/\/zonaroja.com.mx\/index.php?rest_route=\/wp\/v2\/posts"}],"about":[{"href":"https:\/\/zonaroja.com.mx\/index.php?rest_route=\/wp\/v2\/types\/post"}],"author":[{"embeddable":true,"href":"https:\/\/zonaroja.com.mx\/index.php?rest_route=\/wp\/v2\/users\/2"}],"replies":[{"embeddable":true,"href":"https:\/\/zonaroja.com.mx\/index.php?rest_route=%2Fwp%2Fv2%2Fcomments&post=23526"}],"version-history":[{"count":2,"href":"https:\/\/zonaroja.com.mx\/index.php?rest_route=\/wp\/v2\/posts\/23526\/revisions"}],"predecessor-version":[{"id":23531,"href":"https:\/\/zonaroja.com.mx\/index.php?rest_route=\/wp\/v2\/posts\/23526\/revisions\/23531"}],"wp:featuredmedia":[{"embeddable":true,"href":"https:\/\/zonaroja.com.mx\/index.php?rest_route=\/wp\/v2\/media\/23527"}],"wp:attachment":[{"href":"https:\/\/zonaroja.com.mx\/index.php?rest_route=%2Fwp%2Fv2%2Fmedia&parent=23526"}],"wp:term":[{"taxonomy":"category","embeddable":true,"href":"https:\/\/zonaroja.com.mx\/index.php?rest_route=%2Fwp%2Fv2%2Fcategories&post=23526"},{"taxonomy":"post_tag","embeddable":true,"href":"https:\/\/zonaroja.com.mx\/index.php?rest_route=%2Fwp%2Fv2%2Ftags&post=23526"}],"curies":[{"name":"wp","href":"https:\/\/api.w.org\/{rel}","templated":true}]}}