{"id":23532,"date":"2021-02-12T19:50:17","date_gmt":"2021-02-13T01:50:17","guid":{"rendered":"http:\/\/www.zonaroja.com.mx\/?p=23532"},"modified":"2021-02-12T20:03:59","modified_gmt":"2021-02-13T02:03:59","slug":"compromete-segog-retorno-a-desplazados-de-tierra-blanca-gobierno-de-oaxaca-ausente","status":"publish","type":"post","link":"https:\/\/zonaroja.com.mx\/?p=23532","title":{"rendered":"Compromete Segog retorno a desplazados de Tierra Blanca; gobierno de Oaxaca, ausente"},"content":{"rendered":"\n<p>Yuridiana Sosa\/Zona Roja.<\/p>\n\n\n\n<p>Oaxaca de Ju\u00e1rez, Oax., 12 de febrero de 2021.- A casi un mes de los hechos violentos y del desplazamiento de los ind\u00edgenas triquis de Tierra Blanca Copala, Juxtlahuaca, &nbsp;en la regi\u00f3n Mixteca, el subsecretario de Derechos Humanos de la Secretar\u00eda de Gobernaci\u00f3n (Segob), Alejandro Encinas, visit\u00f3 la zona.<\/p>\n\n\n\n<p>Este viernes, resguardado por la Guardia Nacional y elementos de la Polic\u00eda Estatal, el funcionario visit\u00f3 Yosoyuxi Copala, donde m\u00e1s de 500 personas desplazadas de Tierra Blanca encontraron refugio entre el 22 y 23 de enero, pero sin las condiciones suficientes para que las familias vivan, ni las atenciones necesarias del gobierno del estado.<\/p>\n\n\n\n<p>Sin la presencia de funcionarios del gobierno de Oaxaca, durante su visita, Alejandro Encinas dialog\u00f3 con las familias de los ind\u00edgenas triquis, y en un encuentro p\u00fablico, anunci\u00f3 las acciones que emprender\u00eda el Gobierno de M\u00e9xico en busca de su retorno seguro y la paz en la zona.<\/p>\n\n\n\n<p>Apunt\u00f3 que una vez que existan las condiciones de un retorno seguro, despu\u00e9s que se generen las condiciones de la reparaci\u00f3n de su patrimonio y la actividad productiva, se discutir\u00e1n los temas de pacificaci\u00f3n.<\/p>\n\n\n\n<p>El funcionario dijo, \u201cVamos a ser que todos cumplan con su responsabilidad (\u2026) Y va requerir que todos pongamos nuestra voluntad\u201d.<\/p>\n\n\n\n<figure class=\"wp-block-embed-twitter wp-block-embed is-type-rich is-provider-twitter\"><div class=\"wp-block-embed__wrapper\">\n<div class=\"twitter-tweet\"><blockquote class=\"twitter-tweet\" data-lang=\"es\"><p lang=\"es\" dir=\"ltr\"><a href=\"https:\/\/twitter.com\/hashtag\/%C3%9AltimoMinuto?src=hash&amp;ref_src=twsrc%5Etfw\">#\u00daltimoMinuto<\/a> <br>Custodiado por la Guardia Nacional y la Polic\u00eda Estatal, as\u00ed visit\u00f3 hoy el subsecretario de la <a href=\"https:\/\/twitter.com\/SEGOB_mx?ref_src=twsrc%5Etfw\">@SEGOB_mx<\/a>, <a href=\"https:\/\/twitter.com\/A_Encinas_R?ref_src=twsrc%5Etfw\">@A_Encinas_R<\/a>, a <a href=\"https:\/\/twitter.com\/hashtag\/Yosoyuxi?src=hash&amp;ref_src=twsrc%5Etfw\">#Yosoyuxi<\/a> <a href=\"https:\/\/twitter.com\/hashtag\/Copala?src=hash&amp;ref_src=twsrc%5Etfw\">#Copala<\/a>, en la regi\u00f3n Mixteca de <a href=\"https:\/\/twitter.com\/hashtag\/Oaxaca?src=hash&amp;ref_src=twsrc%5Etfw\">#Oaxaca<\/a>, donde constat\u00f3 el desplazamiento y la grave violencia que viven los ind\u00edgenas Triquis. <a href=\"https:\/\/t.co\/rVz8WXkV6m\">pic.twitter.com\/rVz8WXkV6m<\/a><\/p>&mdash; Zona Roja Oaxaca (@Zona_Roja_Oax) <a href=\"https:\/\/twitter.com\/Zona_Roja_Oax\/status\/1360395733199945728?ref_src=twsrc%5Etfw\">13 de febrero de 2021<\/a><\/blockquote><\/div>\n<\/div><\/figure>\n\n\n\n<p>El primer paso del compromiso, apunt\u00f3, es la seguridad, por lo que la Guardia Nacional ser\u00e1 la encargada de respaldar el retorno, tras el cual se mantendr\u00e1 el apoyo humanitario, con prioridad en atenci\u00f3n a mujeres, ni\u00f1as y ni\u00f1as.<\/p>\n\n\n\n<p>Encinas apunt\u00f3 que es posible \u201cen estos d\u00edas podemos ver a la Guardia Nacional y la estrategia del retorno seguro y ver c\u00f3mo garantizar que el entorno que gener\u00f3 esta violencia no siga latente\u201d, y aclar\u00f3 que no se trata de la presencia del Ej\u00e9rcito, pues la Guardia es un \u00f3rgano civil.<\/p>\n\n\n\n<p>Despu\u00e9s, \u201cSin mentiras y simulaciones, avanzaremos a los temas judiciales\u201d, as\u00ed como en la asistencia jur\u00eddica, remarc\u00f3.<\/p>\n\n\n\n<p>De acuerdo con un comunicado de la Segob, \u00fanicamente acompa\u00f1\u00f3 a Encinas el titular de la Unidad de Defensa para los Derechos Humanos de la dependencia federal, Enrique Irazoque Palazuelos. <\/p>\n\n\n\n<p>La visita de la Segob a la zona se dio tras presiones de desplazados en la ciudad de Oaxaca, encabezados por Reyna Mart\u00ednez; la activista Frida Guerrero Villavazo, quien visit\u00f3 con anterioridad la zona y constat\u00f3 las atrocidades, y de militantes del Movimiento de Unificaci\u00f3n y Lucha Triqui Independiente, as\u00ed como por un \u00abplant\u00f3n\u00bb que se mantiene desde hace una semana en la Ciudad de M\u00e9xico.<\/p>\n","protected":false},"excerpt":{"rendered":"<p>Yuridiana Sosa\/Zona Roja. Oaxaca de Ju\u00e1rez, Oax., 12 de febrero de 2021.- A casi un&hellip;<\/p>\n","protected":false},"author":2,"featured_media":23533,"comment_status":"closed","ping_status":"open","sticky":false,"template":"","format":"standard","meta":{"_lmt_disableupdate":"","_lmt_disable":"","_jetpack_memberships_contains_paid_content":false,"footnotes":""},"categories":[109,47],"tags":[1712],"class_list":["post-23532","post","type-post","status-publish","format-standard","has-post-thumbnail","hentry","category-minuto-a-minuto","category-zona-gris","tag-tierra-blanca-copala"],"jetpack_featured_media_url":"https:\/\/zonaroja.com.mx\/wp-content\/uploads\/2021\/02\/Alejandro-Encinas-en-Tierra-Blanca.jpg","jetpack_sharing_enabled":true,"_links":{"self":[{"href":"https:\/\/zonaroja.com.mx\/index.php?rest_route=\/wp\/v2\/posts\/23532","targetHints":{"allow":["GET"]}}],"collection":[{"href":"https:\/\/zonaroja.com.mx\/index.php?rest_route=\/wp\/v2\/posts"}],"about":[{"href":"https:\/\/zonaroja.com.mx\/index.php?rest_route=\/wp\/v2\/types\/post"}],"author":[{"embeddable":true,"href":"https:\/\/zonaroja.com.mx\/index.php?rest_route=\/wp\/v2\/users\/2"}],"replies":[{"embeddable":true,"href":"https:\/\/zonaroja.com.mx\/index.php?rest_route=%2Fwp%2Fv2%2Fcomments&post=23532"}],"version-history":[{"count":2,"href":"https:\/\/zonaroja.com.mx\/index.php?rest_route=\/wp\/v2\/posts\/23532\/revisions"}],"predecessor-version":[{"id":23535,"href":"https:\/\/zonaroja.com.mx\/index.php?rest_route=\/wp\/v2\/posts\/23532\/revisions\/23535"}],"wp:featuredmedia":[{"embeddable":true,"href":"https:\/\/zonaroja.com.mx\/index.php?rest_route=\/wp\/v2\/media\/23533"}],"wp:attachment":[{"href":"https:\/\/zonaroja.com.mx\/index.php?rest_route=%2Fwp%2Fv2%2Fmedia&parent=23532"}],"wp:term":[{"taxonomy":"category","embeddable":true,"href":"https:\/\/zonaroja.com.mx\/index.php?rest_route=%2Fwp%2Fv2%2Fcategories&post=23532"},{"taxonomy":"post_tag","embeddable":true,"href":"https:\/\/zonaroja.com.mx\/index.php?rest_route=%2Fwp%2Fv2%2Ftags&post=23532"}],"curies":[{"name":"wp","href":"https:\/\/api.w.org\/{rel}","templated":true}]}}