{"id":23536,"date":"2021-02-12T21:04:09","date_gmt":"2021-02-13T03:04:09","guid":{"rendered":"http:\/\/www.zonaroja.com.mx\/?p=23536"},"modified":"2021-02-12T21:04:17","modified_gmt":"2021-02-13T03:04:17","slug":"complace-otra-vez-el-legislativo-al-ejecutivo-da-por-concluidas-comparecencias","status":"publish","type":"post","link":"https:\/\/zonaroja.com.mx\/?p=23536","title":{"rendered":"Complace otra vez el Legislativo al Ejecutivo: da por concluidas comparecencias"},"content":{"rendered":"\n<p>Redacci\u00f3n\/Zona Roja.<\/p>\n\n\n\n<p>Oaxaca de Ju\u00e1rez, Oax. 12 de febrero de 2021.- Con al menos media docena de funcionarios pendientes de acudir al Congreso, entre ellos el secretario de Finanzas, la 64 Legislatura complaci\u00f3 al Poder Ejecutivo y dio por concluidas las comparecencias.<\/p>\n\n\n\n<p>En un comunicado, inform\u00f3 este viernes que la determinaci\u00f3n fue debido a \u201cla prevalencia de la contingencia por la Covid-19 y a que diversos funcionarios del Gobierno del Estado han solicitado el aplazamiento de sus comparecencias, por encontrarse en riesgo de contagio personal\u201d.<\/p>\n\n\n\n<p>En el bolet\u00edn no se detalla si fue acuerdo de la Junta de Coordinaci\u00f3n Pol\u00edtica, presidida por Delfina Guzm\u00e1n, del Partido Morena &#8211;con mayor\u00eda en el Congreso&#8211;, o fue determinaci\u00f3n tomada en el pleno.<\/p>\n\n\n\n<p>\u201cRefrendaron a la ciudadan\u00eda su compromiso de ser vigilantes del desempe\u00f1o de las autoridades estatales, y se\u00f1alar con puntualidad los asuntos y las necesidades de la sociedad, que requieran de una atenci\u00f3n prioritaria y eficiente por parte del Gobierno del Estado.<\/p>\n\n\n\n<p>\u201c\u2026 la suspensi\u00f3n de las comparecencias no afectar\u00e1 los trabajos de an\u00e1lisis y evaluaci\u00f3n de la gesti\u00f3n de la administraci\u00f3n p\u00fablica local, toda vez que utilizar\u00e1n otros mecanismos para continuar con la revisi\u00f3n el desempe\u00f1o de las dependencias\u201d, agreg\u00f3, sin detallar de qu\u00e9 tipo.<\/p>\n\n\n\n<p>\u201cAdvirti\u00f3 que permanecer\u00e1n los se\u00f1alamientos y exigencias ante el mal actuar que se detecte en las distintas \u00e1reas del Gobierno del Estado. Tambi\u00e9n, la aplicaci\u00f3n de mejoras, desde el \u00e1mbito parlamentario, para garantizar el cumplimiento de los resultados que demanda la poblaci\u00f3n oaxaque\u00f1a\u201d, expuso.<\/p>\n","protected":false},"excerpt":{"rendered":"<p>Redacci\u00f3n\/Zona Roja. Oaxaca de Ju\u00e1rez, Oax. 12 de febrero de 2021.- Con al menos media&hellip;<\/p>\n","protected":false},"author":2,"featured_media":8929,"comment_status":"closed","ping_status":"open","sticky":false,"template":"","format":"standard","meta":{"_lmt_disableupdate":"","_lmt_disable":"","_jetpack_memberships_contains_paid_content":false,"footnotes":""},"categories":[109,47],"tags":[213],"class_list":["post-23536","post","type-post","status-publish","format-standard","has-post-thumbnail","hentry","category-minuto-a-minuto","category-zona-gris","tag-64-legislatura-de-oaxaca"],"jetpack_featured_media_url":"https:\/\/zonaroja.com.mx\/wp-content\/uploads\/2020\/02\/Congreso-de-Oaxaca.png","jetpack_sharing_enabled":true,"_links":{"self":[{"href":"https:\/\/zonaroja.com.mx\/index.php?rest_route=\/wp\/v2\/posts\/23536","targetHints":{"allow":["GET"]}}],"collection":[{"href":"https:\/\/zonaroja.com.mx\/index.php?rest_route=\/wp\/v2\/posts"}],"about":[{"href":"https:\/\/zonaroja.com.mx\/index.php?rest_route=\/wp\/v2\/types\/post"}],"author":[{"embeddable":true,"href":"https:\/\/zonaroja.com.mx\/index.php?rest_route=\/wp\/v2\/users\/2"}],"replies":[{"embeddable":true,"href":"https:\/\/zonaroja.com.mx\/index.php?rest_route=%2Fwp%2Fv2%2Fcomments&post=23536"}],"version-history":[{"count":1,"href":"https:\/\/zonaroja.com.mx\/index.php?rest_route=\/wp\/v2\/posts\/23536\/revisions"}],"predecessor-version":[{"id":23537,"href":"https:\/\/zonaroja.com.mx\/index.php?rest_route=\/wp\/v2\/posts\/23536\/revisions\/23537"}],"wp:featuredmedia":[{"embeddable":true,"href":"https:\/\/zonaroja.com.mx\/index.php?rest_route=\/wp\/v2\/media\/8929"}],"wp:attachment":[{"href":"https:\/\/zonaroja.com.mx\/index.php?rest_route=%2Fwp%2Fv2%2Fmedia&parent=23536"}],"wp:term":[{"taxonomy":"category","embeddable":true,"href":"https:\/\/zonaroja.com.mx\/index.php?rest_route=%2Fwp%2Fv2%2Fcategories&post=23536"},{"taxonomy":"post_tag","embeddable":true,"href":"https:\/\/zonaroja.com.mx\/index.php?rest_route=%2Fwp%2Fv2%2Ftags&post=23536"}],"curies":[{"name":"wp","href":"https:\/\/api.w.org\/{rel}","templated":true}]}}