{"id":2354,"date":"2019-07-18T15:31:43","date_gmt":"2019-07-18T20:31:43","guid":{"rendered":"http:\/\/www.zonaroja.com.mx\/?p=2354"},"modified":"2019-07-18T15:31:47","modified_gmt":"2019-07-18T20:31:47","slug":"a-cuatro-dias-de-la-maxima-fiesta-de-oaxaca-sus-calles-se-llenan-de-basura","status":"publish","type":"post","link":"https:\/\/zonaroja.com.mx\/?p=2354","title":{"rendered":"A cuatro d\u00edas de la m\u00e1xima fiesta de Oaxaca, sus calles se llenan de basura"},"content":{"rendered":"\n<p>Evlin Arag\u00f3n<\/p>\n\n\n\n<p>Oaxaca de\nJu\u00e1rez, Oax., 18 de julio de 2019.- A cuatro d\u00edas del primer Lunes del Cerro,\ncomo parte de las festividades de la Guelaguetza 2019, este jueves la ciudad de\nOaxaca luce con montones de basura apilados en las principales calles del\nCentro Hist\u00f3rico, debido al cierre del dep\u00f3sito ubicado en el municipio de la\nVilla de Zaachila.<\/p>\n\n\n\n<p>En un\nrecorrido realizado por ZONA ROJA, se pueden ver las calles aleda\u00f1as al mercado\n\u201c20 de Noviembre\u201d y \u201cBenito Ju\u00e1rez\u201d con enormes cantidades de residuos\nacumulados en la v\u00eda p\u00fablica, obstruyendo el paso de los veh\u00edculos y poniendo\nen riesgo la salud de las personas que por ah\u00ed laboran al considerarse un foco\nde infecci\u00f3n.<\/p>\n\n\n\n<p>La\nproblem\u00e1tica se ha extendido hasta el centro de acopio, ubicado en la ribera\ndel r\u00edo \u201cAtoyac\u201d, y en el Mercado de Abasto donde se acumulan diariamente\ntoneladas de residuos s\u00f3lidos.<\/p>\n\n\n\n<p>El motivo del cierre del basurero, donde depositan sus residuos alrededor de 20 municipios conurbados a la capital, se debe a que pobladores de la colonia Renacimiento demandan a las autoridades la concesi\u00f3n de un pozo profundo en beneficio de la demarcaci\u00f3n.<\/p>\n\n\n\n<figure class=\"wp-block-embed-twitter wp-block-embed is-type-rich is-provider-twitter\"><div class=\"wp-block-embed__wrapper\">\n<div class=\"twitter-tweet\"><blockquote class=\"twitter-tweet\" data-lang=\"es\"><p lang=\"es\" dir=\"ltr\"><a href=\"https:\/\/twitter.com\/hashtag\/OaxacaGris?src=hash&amp;ref_src=twsrc%5Etfw\">#OaxacaGris<\/a><br>A cuatro d\u00edas de las fiestas de los Lunes del Cerro, <a href=\"https:\/\/twitter.com\/hashtag\/Guelaguetza2019?src=hash&amp;ref_src=twsrc%5Etfw\">#Guelaguetza2019<\/a>, las calles de la ciudad de Oaxaca se encuentran llenas de basura; el <a href=\"https:\/\/twitter.com\/MunicipioOaxaca?ref_src=twsrc%5Etfw\">@MunicipioOaxaca<\/a> que preside <a href=\"https:\/\/twitter.com\/oswaldogarciaj?ref_src=twsrc%5Etfw\">@oswaldogarciaj<\/a> a\u00fan no informa a propios y visitantes las acciones que tomar\u00e1 al respecto. <a href=\"https:\/\/t.co\/6YwMIzRCOq\">pic.twitter.com\/6YwMIzRCOq<\/a><\/p>&mdash; Zona Roja Oaxaca (@MexRoja) <a href=\"https:\/\/twitter.com\/MexRoja\/status\/1151888369238073346?ref_src=twsrc%5Etfw\">18 de julio de 2019<\/a><\/blockquote><\/div>\n<\/div><\/figure>\n\n\n\n<p>Pese a ello,\npresidentes y representantes de las Colonias Unidas de Oriente de Zaachila se\nhan deslindado de la acci\u00f3n, asegurando que mantienen apertura al di\u00e1logo y a\nlos buenos acuerdos con las autoridades, ello ante una llamada que refieren les\nrealiz\u00f3 personal de la Secretar\u00eda General de Gobierno.<\/p>\n\n\n\n<p>La \u201ctoma\u201d\ndel vertedero de residuos se ha convertido en una constante desde julio del\n2017, cuando se registr\u00f3 un conflicto interno entre pobladores del lugar e\nintegrantes de la organizaci\u00f3n Frente Popular \u201c14 de Junio\u201d.<\/p>\n\n\n\n<p>Mientras los\nmontones de basura se acumulan en la capital oaxaque\u00f1a, la autoridad municipal,\nencabezada por el edil Oswaldo Garc\u00eda Jarqu\u00edn no ha emitido postura al respecto\ny tampoco ha dado soluciones alternas para la recolecci\u00f3n de residuos.<\/p>\n\n\n\n<p>Ello pese a\nque desde hace unos d\u00edas el turismo nacional e internacional es m\u00e1s constante\nen las calles del Centro Hist\u00f3rico, que hoy son intransitables, debido a la\ntemporada vacacional.<\/p>\n\n\n\n<p>De acuerdo con fuentes municipales, el edil se encuentra en Colombia con otros funcionarios municipales, sin precisar a qu\u00e9 actividad oficial acudi\u00f3.<\/p>\n\n\n\n<figure class=\"wp-block-embed-twitter wp-block-embed is-type-rich is-provider-twitter\"><div class=\"wp-block-embed__wrapper\">\n<div class=\"twitter-tweet\"><blockquote class=\"twitter-tweet\" data-lang=\"es\"><p lang=\"es\" dir=\"ltr\"><a href=\"https:\/\/twitter.com\/hashtag\/OaxacaGris?src=hash&amp;ref_src=twsrc%5Etfw\">#OaxacaGris<\/a><br>La problem\u00e1tica de la basura en la ciudad de Oaxaca se extiende al centro de acopio, en la ribera del r\u00edo \u201cAtoyac\u201d, y en el Mercado de Abasto, por cierre del tiradero municipal ubicado en Zaachila; el <a href=\"https:\/\/twitter.com\/MunicipioOaxaca?ref_src=twsrc%5Etfw\">@MunicipioOaxaca<\/a> no da alternativas a ciudadanos. <a href=\"https:\/\/t.co\/Ds7pW30LBb\">pic.twitter.com\/Ds7pW30LBb<\/a><\/p>&mdash; Zona Roja Oaxaca (@MexRoja) <a href=\"https:\/\/twitter.com\/MexRoja\/status\/1151907744884154369?ref_src=twsrc%5Etfw\">18 de julio de 2019<\/a><\/blockquote><\/div>\n<\/div><\/figure>\n","protected":false},"excerpt":{"rendered":"<p>Evlin Arag\u00f3n Oaxaca de Ju\u00e1rez, Oax., 18 de julio de 2019.- A cuatro d\u00edas del&hellip;<\/p>\n","protected":false},"author":2,"featured_media":2355,"comment_status":"closed","ping_status":"open","sticky":false,"template":"","format":"standard","meta":{"_lmt_disableupdate":"","_lmt_disable":"","_jetpack_memberships_contains_paid_content":false,"footnotes":""},"categories":[47],"tags":[],"class_list":["post-2354","post","type-post","status-publish","format-standard","has-post-thumbnail","hentry","category-zona-gris"],"jetpack_featured_media_url":"https:\/\/zonaroja.com.mx\/wp-content\/uploads\/2019\/07\/4e124d80-c345-4847-b764-41589edee2e2.jpg","jetpack_sharing_enabled":true,"_links":{"self":[{"href":"https:\/\/zonaroja.com.mx\/index.php?rest_route=\/wp\/v2\/posts\/2354","targetHints":{"allow":["GET"]}}],"collection":[{"href":"https:\/\/zonaroja.com.mx\/index.php?rest_route=\/wp\/v2\/posts"}],"about":[{"href":"https:\/\/zonaroja.com.mx\/index.php?rest_route=\/wp\/v2\/types\/post"}],"author":[{"embeddable":true,"href":"https:\/\/zonaroja.com.mx\/index.php?rest_route=\/wp\/v2\/users\/2"}],"replies":[{"embeddable":true,"href":"https:\/\/zonaroja.com.mx\/index.php?rest_route=%2Fwp%2Fv2%2Fcomments&post=2354"}],"version-history":[{"count":1,"href":"https:\/\/zonaroja.com.mx\/index.php?rest_route=\/wp\/v2\/posts\/2354\/revisions"}],"predecessor-version":[{"id":2356,"href":"https:\/\/zonaroja.com.mx\/index.php?rest_route=\/wp\/v2\/posts\/2354\/revisions\/2356"}],"wp:featuredmedia":[{"embeddable":true,"href":"https:\/\/zonaroja.com.mx\/index.php?rest_route=\/wp\/v2\/media\/2355"}],"wp:attachment":[{"href":"https:\/\/zonaroja.com.mx\/index.php?rest_route=%2Fwp%2Fv2%2Fmedia&parent=2354"}],"wp:term":[{"taxonomy":"category","embeddable":true,"href":"https:\/\/zonaroja.com.mx\/index.php?rest_route=%2Fwp%2Fv2%2Fcategories&post=2354"},{"taxonomy":"post_tag","embeddable":true,"href":"https:\/\/zonaroja.com.mx\/index.php?rest_route=%2Fwp%2Fv2%2Ftags&post=2354"}],"curies":[{"name":"wp","href":"https:\/\/api.w.org\/{rel}","templated":true}]}}