{"id":23541,"date":"2021-02-13T07:59:23","date_gmt":"2021-02-13T13:59:23","guid":{"rendered":"http:\/\/www.zonaroja.com.mx\/?p=23541"},"modified":"2021-02-13T07:59:26","modified_gmt":"2021-02-13T13:59:26","slug":"era-burocrata-de-la-secretaria-de-finanzas-el-ejecutado-ayer-en-el-rosario","status":"publish","type":"post","link":"https:\/\/zonaroja.com.mx\/?p=23541","title":{"rendered":"Era bur\u00f3crata de la Secretar\u00eda de Finanzas el ejecutado ayer en El Rosario"},"content":{"rendered":"\n<p>Ismael Garc\u00eda M.\/Zona Roja.<\/p>\n\n\n\n<p>Oaxaca de Ju\u00e1rez, Oax., 13 de febrero de 2021.- La persona asesinada ayer a balazos en su domicilio del fraccionamiento El Rosario, San Sebasti\u00e1n Tutla, era trabajador del \u00e1rea de Egresos de la Secretar\u00eda de Finanzas del Gobierno del Estado de Oaxaca.<\/p>\n\n\n\n<p>De acuerdo con las primeras indagatorias de la Agencia Estatal (AEI) se llam\u00f3 en vida Mayolo \u00c1ngel \u201cN\u201d., de 54 a\u00f1os de edad, y era conocido como \u201cEl G\u00fcero\u201d. Hasta el momento no han establecido el m\u00f3vil del crimen.<\/p>\n\n\n\n<p>EL individuo fue ejecutado ayer alrededor de las 10:00 horas en su hogar, ubicado en el Andador Santo Domingo, Manzana D, departamento 301, en la Segunda Etapa de El Rosario, fraccionamiento conurbado a la capital oaxaque\u00f1a.<\/p>\n\n\n\n<p>Los presuntos sicarios viajaban presuntamente en motocicleta y al edificio para preguntar departamento por departamento por el individuo, hasta que lo hallaron y lo acribillaron.<\/p>\n\n\n\n<p>TAMBI\u00c9N FEMENINA<\/p>\n\n\n\n<p>Por otra parte, como Sandra Georgina C. V., de 54 a\u00f1os de edad, fue identificada la mujer asesinada tambi\u00e9n ayer por la ma\u00f1ana en Santiago Pinotepa Nacional, municipio de la regi\u00f3n Costa de Oaxaca.<\/p>\n\n\n\n<p>De acuerdo con los primeros reportes de la AEI, el cuerpo se hall\u00f3 en el interior del hotel \u201cPosada Raquel\u201d, ubicado en 14 y 12 Poniente del barrio El Pante\u00f3n.<\/p>\n\n\n\n<p>Le hallaron s\u00e1banas encima y una enrollada en el cuello, con el cual presuntamente fue ahorcada; presenta adem\u00e1s huellas de tortura. La mujer ten\u00eda su domicilio en el barrio La Posta de Pinotepa Nacional.<\/p>\n","protected":false},"excerpt":{"rendered":"<p>Ismael Garc\u00eda M.\/Zona Roja. Oaxaca de Ju\u00e1rez, Oax., 13 de febrero de 2021.- La persona&hellip;<\/p>\n","protected":false},"author":2,"featured_media":23516,"comment_status":"closed","ping_status":"open","sticky":false,"template":"","format":"standard","meta":{"_lmt_disableupdate":"","_lmt_disable":"","_jetpack_memberships_contains_paid_content":false,"footnotes":""},"categories":[109,51],"tags":[2447],"class_list":["post-23541","post","type-post","status-publish","format-standard","has-post-thumbnail","hentry","category-minuto-a-minuto","category-zona-roja","tag-el-rosario-san-sebastian-tutla"],"jetpack_featured_media_url":"https:\/\/zonaroja.com.mx\/wp-content\/uploads\/2021\/02\/img_2435.jpg","jetpack_sharing_enabled":true,"_links":{"self":[{"href":"https:\/\/zonaroja.com.mx\/index.php?rest_route=\/wp\/v2\/posts\/23541","targetHints":{"allow":["GET"]}}],"collection":[{"href":"https:\/\/zonaroja.com.mx\/index.php?rest_route=\/wp\/v2\/posts"}],"about":[{"href":"https:\/\/zonaroja.com.mx\/index.php?rest_route=\/wp\/v2\/types\/post"}],"author":[{"embeddable":true,"href":"https:\/\/zonaroja.com.mx\/index.php?rest_route=\/wp\/v2\/users\/2"}],"replies":[{"embeddable":true,"href":"https:\/\/zonaroja.com.mx\/index.php?rest_route=%2Fwp%2Fv2%2Fcomments&post=23541"}],"version-history":[{"count":1,"href":"https:\/\/zonaroja.com.mx\/index.php?rest_route=\/wp\/v2\/posts\/23541\/revisions"}],"predecessor-version":[{"id":23542,"href":"https:\/\/zonaroja.com.mx\/index.php?rest_route=\/wp\/v2\/posts\/23541\/revisions\/23542"}],"wp:featuredmedia":[{"embeddable":true,"href":"https:\/\/zonaroja.com.mx\/index.php?rest_route=\/wp\/v2\/media\/23516"}],"wp:attachment":[{"href":"https:\/\/zonaroja.com.mx\/index.php?rest_route=%2Fwp%2Fv2%2Fmedia&parent=23541"}],"wp:term":[{"taxonomy":"category","embeddable":true,"href":"https:\/\/zonaroja.com.mx\/index.php?rest_route=%2Fwp%2Fv2%2Fcategories&post=23541"},{"taxonomy":"post_tag","embeddable":true,"href":"https:\/\/zonaroja.com.mx\/index.php?rest_route=%2Fwp%2Fv2%2Ftags&post=23541"}],"curies":[{"name":"wp","href":"https:\/\/api.w.org\/{rel}","templated":true}]}}