{"id":23543,"date":"2021-02-13T08:07:32","date_gmt":"2021-02-13T14:07:32","guid":{"rendered":"http:\/\/www.zonaroja.com.mx\/?p=23543"},"modified":"2021-02-13T08:07:36","modified_gmt":"2021-02-13T14:07:36","slug":"desechan-teeo-impugnacion-de-dante-montano-sanciona-a-morenista-toribio-lopez","status":"publish","type":"post","link":"https:\/\/zonaroja.com.mx\/?p=23543","title":{"rendered":"Desechan TEEO impugnaci\u00f3n de Dante Monta\u00f1o; sanciona a morenista Toribio L\u00f3pez"},"content":{"rendered":"\n<p>Redacci\u00f3n\/Zona Roja.<\/p>\n\n\n\n<p>Oaxaca de Ju\u00e1rez, Oaxaca, a 13 de febrero de 2021.- El Pleno del Tribunal Electoral del Estado de Oaxaca (TEEO) aprob\u00f3 sancionar con una amonestaci\u00f3n a Toribio L\u00f3pez S\u00e1nchez, precandidato a presidente municipal de Santa Cruz Xoxocotl\u00e1n, del partido Morena; por actos anticipados de campa\u00f1a.<\/p>\n\n\n\n<p>En un comunicado el \u00f3rgano indic\u00f3 que en la resoluci\u00f3n del Procedimiento Especial Sancionador identificado con la clave PES\/09\/2021, se advierte que el aspirante difundi\u00f3 durante los meses de noviembre y diciembre de 2020, mensajes a trav\u00e9s de sus cuentas personales de Facebook y Twitter, con la intenci\u00f3n de inducir a las y los ciudadanos a votar en su favor y de su partido.<\/p>\n\n\n\n<p>Adem\u00e1s, a\u00f1ade, se acredit\u00f3 que el denunciado efectu\u00f3 reuniones p\u00fablicas con diversas ciudadanas y ciudadanos, posicion\u00e1ndose previamente frente al electorado.<\/p>\n\n\n\n<p>CASO DANTE<\/p>\n\n\n\n<p>Por otro lado, en el Juicio para la Protecci\u00f3n de los Derechos Pol\u00edtico Electorales del Ciudadano con n\u00famero JDC\/07\/2021, promovido por Dante Monta\u00f1o Montero, en contra del Consejo General del Instituto Estatal Electoral y de Participaci\u00f3n Ciudadana de Oaxaca (IEEPCO), la magistrada y los magistrados determinaron desecharla por la falta de la firma aut\u00f3grafa del actor.<\/p>\n\n\n\n<p>En el an\u00e1lisis de este asunto se advirti\u00f3 que el promovente present\u00f3 un segundo escrito con su firma, sin embargo, fue extempor\u00e1neo.<\/p>\n","protected":false},"excerpt":{"rendered":"<p>Redacci\u00f3n\/Zona Roja. Oaxaca de Ju\u00e1rez, Oaxaca, a 13 de febrero de 2021.- El Pleno del&hellip;<\/p>\n","protected":false},"author":2,"featured_media":23544,"comment_status":"closed","ping_status":"open","sticky":false,"template":"","format":"standard","meta":{"_lmt_disableupdate":"","_lmt_disable":"","_jetpack_memberships_contains_paid_content":false,"footnotes":""},"categories":[109,47],"tags":[2235],"class_list":["post-23543","post","type-post","status-publish","format-standard","has-post-thumbnail","hentry","category-minuto-a-minuto","category-zona-gris","tag-tribunal-electoral-del-estado-de-oaxaca-teeo"],"jetpack_featured_media_url":"https:\/\/zonaroja.com.mx\/wp-content\/uploads\/2021\/02\/Sesion-TEEO.jpg","jetpack_sharing_enabled":true,"_links":{"self":[{"href":"https:\/\/zonaroja.com.mx\/index.php?rest_route=\/wp\/v2\/posts\/23543","targetHints":{"allow":["GET"]}}],"collection":[{"href":"https:\/\/zonaroja.com.mx\/index.php?rest_route=\/wp\/v2\/posts"}],"about":[{"href":"https:\/\/zonaroja.com.mx\/index.php?rest_route=\/wp\/v2\/types\/post"}],"author":[{"embeddable":true,"href":"https:\/\/zonaroja.com.mx\/index.php?rest_route=\/wp\/v2\/users\/2"}],"replies":[{"embeddable":true,"href":"https:\/\/zonaroja.com.mx\/index.php?rest_route=%2Fwp%2Fv2%2Fcomments&post=23543"}],"version-history":[{"count":1,"href":"https:\/\/zonaroja.com.mx\/index.php?rest_route=\/wp\/v2\/posts\/23543\/revisions"}],"predecessor-version":[{"id":23545,"href":"https:\/\/zonaroja.com.mx\/index.php?rest_route=\/wp\/v2\/posts\/23543\/revisions\/23545"}],"wp:featuredmedia":[{"embeddable":true,"href":"https:\/\/zonaroja.com.mx\/index.php?rest_route=\/wp\/v2\/media\/23544"}],"wp:attachment":[{"href":"https:\/\/zonaroja.com.mx\/index.php?rest_route=%2Fwp%2Fv2%2Fmedia&parent=23543"}],"wp:term":[{"taxonomy":"category","embeddable":true,"href":"https:\/\/zonaroja.com.mx\/index.php?rest_route=%2Fwp%2Fv2%2Fcategories&post=23543"},{"taxonomy":"post_tag","embeddable":true,"href":"https:\/\/zonaroja.com.mx\/index.php?rest_route=%2Fwp%2Fv2%2Ftags&post=23543"}],"curies":[{"name":"wp","href":"https:\/\/api.w.org\/{rel}","templated":true}]}}