{"id":23549,"date":"2021-02-13T08:43:49","date_gmt":"2021-02-13T14:43:49","guid":{"rendered":"http:\/\/www.zonaroja.com.mx\/?p=23549"},"modified":"2021-02-13T08:43:53","modified_gmt":"2021-02-13T14:43:53","slug":"la-uabjo-comprometida-con-rendicion-de-cuentas-y-saneamiento-financiero-rector","status":"publish","type":"post","link":"https:\/\/zonaroja.com.mx\/?p=23549","title":{"rendered":"La UABJO, comprometida con rendici\u00f3n de cuentas y saneamiento financiero: rector"},"content":{"rendered":"\n<p>Redacci\u00f3n\/Zona Roja.<\/p>\n\n\n\n<p>Oaxaca de Ju\u00e1rez, Oax., 13 de febrero de 2021.- El rector de la Universidad Aut\u00f3noma \u201cBenito Ju\u00e1rez\u201d de Oaxaca (UABJO), Eduardo Bautista Mart\u00ednez, sostuvo una reuni\u00f3n con los representantes de los seis sindicatos de la instituci\u00f3n y autoridades de la Secretar\u00eda de Educaci\u00f3n P\u00fablica (SEP), para analizar los indicadores b\u00e1sicos financieros y acad\u00e9micos.<\/p>\n\n\n\n<p>\u201cEste encuentro es una oportunidad para que conozcan los avances en la pol\u00edtica de austeridad y transparencia, respecto a los acuerdos suscritos entre la UABJO y la SEP, sobre todo lo establecido en el convenio de Apoyo Financiero de Recursos no Regularizables de 2018, el cual es de conocimiento de todas y todos ustedes\u201d, expres\u00f3 el rector.<\/p>\n\n\n\n<p>Durante su participaci\u00f3n, inform\u00f3 sobre el cumplimiento del plan de acci\u00f3n suscrito ese a\u00f1o y los compromisos cumplidos, entre los que destacan el programa de reducci\u00f3n de gastos de operaci\u00f3n, as\u00ed como los reglamentos de Transparencia y Acceso a la Informaci\u00f3n P\u00fablica y del Sistema Universitario Anticorrupci\u00f3n.<\/p>\n\n\n\n<p>Y refiri\u00f3 que el gran pendiente, consiste en la actualizaci\u00f3n del r\u00e9gimen de jubilaciones y pensiones, cuya propuesta es de conocimiento de todos los sindicatos y la cual fue canalizada en su momento, al Consejo Universitario, como M\u00e1ximo \u00d3rgano de Gobierno, para su an\u00e1lisis y aprobaci\u00f3n.<\/p>\n\n\n\n<p>Posterior a ello, la directora General de Educaci\u00f3n Superior Universitaria e Intercultural (DGESUI), Carmen Rodr\u00edguez Armenta, reconoci\u00f3 los esfuerzos de la instituci\u00f3n en la contenci\u00f3n del gasto.<\/p>\n\n\n\n<p>Agreg\u00f3 que desde 2019, la Universidad no ha recibido recursos extraordinarios y esto podr\u00eda continuar, mientras no se apruebe la actualizaci\u00f3n del r\u00e9gimen de jubilaciones, ya que su adecuaci\u00f3n fue solicitada y advertida como un riesgo para las finanzas desde hace 20 a\u00f1os.<\/p>\n\n\n\n<p>Detall\u00f3 que la causa del d\u00e9ficit financiero tiene que ver en un 65% con las pensiones y jubilaciones y en un 27% con prestaciones no reconocidas o que exceden lo autorizado en el Convenio de Apoyo Financiero (CAF), haciendo \u00e9nfasis en que la UABJO es la \u00fanica universidad que no cuenta con una reforma pensionaria.<\/p>\n\n\n\n<p>Adem\u00e1s de otros factores relacionados con el exceso de personal administrativo, pues dijo que en la Universidad hay tres trabajadores administrativos por un acad\u00e9mico, por lo que recomend\u00f3 reflexionar sobre este tema y el futuro que se desea tener.<\/p>\n\n\n\n<p>Posteriormente se abri\u00f3 un espacio de di\u00e1logo con las representaciones de las diferentes expresiones sindicales.<\/p>\n\n\n\n<p>Ante la nula participaci\u00f3n, el contralor General, Hilarino Arag\u00f3n Mat\u00edas, manifest\u00f3 su preocupaci\u00f3n por el silencio de los l\u00edderes sindicales, \u201ces lamentable que no se pronuncien y que simplemente en los pr\u00f3ximos d\u00edas veremos las banderas rojinegras en se\u00f1al de una protesta que no corresponde a la realidad de nuestra Universidad\u201d, enfatiz\u00f3.<\/p>\n\n\n\n<p>En su intervenci\u00f3n, el subsecretario de Educaci\u00f3n Superior, Luciano Concheiro B\u00f3rquez, reconoci\u00f3 la pol\u00edtica de austeridad en gastos de operaci\u00f3n, la cual ha permitido a la UABJO enfrentar con sus recursos, las presiones financieras de 2019 y 2020, sin recursos extraordinarios.<\/p>\n\n\n\n<p>En esta reuni\u00f3n tambi\u00e9n estuvieron, titulares de las Secretar\u00edas de la Administraci\u00f3n Central y representantes de la Asociaci\u00f3n Mexicana de \u00d3rganos de Control y Vigilancia en Instituciones de Educaci\u00f3n Superior (AMOCVIES) y de la Asociaci\u00f3n Nacional de Universidades e Instituciones de Educaci\u00f3n Superior (ANUIES).<\/p>\n","protected":false},"excerpt":{"rendered":"<p>Redacci\u00f3n\/Zona Roja. Oaxaca de Ju\u00e1rez, Oax., 13 de febrero de 2021.- El rector de la&hellip;<\/p>\n","protected":false},"author":2,"featured_media":23550,"comment_status":"closed","ping_status":"open","sticky":false,"template":"","format":"standard","meta":{"_lmt_disableupdate":"","_lmt_disable":"","_jetpack_memberships_contains_paid_content":false,"footnotes":""},"categories":[109,46],"tags":[360,282],"class_list":["post-23549","post","type-post","status-publish","format-standard","has-post-thumbnail","hentry","category-minuto-a-minuto","category-zona-blanca","tag-rector-eduardo-bautista-martinez","tag-universidad-autonoma-benito-juarez-de-oaxaca"],"jetpack_featured_media_url":"https:\/\/zonaroja.com.mx\/wp-content\/uploads\/2021\/02\/3-3.jpg","jetpack_sharing_enabled":true,"_links":{"self":[{"href":"https:\/\/zonaroja.com.mx\/index.php?rest_route=\/wp\/v2\/posts\/23549","targetHints":{"allow":["GET"]}}],"collection":[{"href":"https:\/\/zonaroja.com.mx\/index.php?rest_route=\/wp\/v2\/posts"}],"about":[{"href":"https:\/\/zonaroja.com.mx\/index.php?rest_route=\/wp\/v2\/types\/post"}],"author":[{"embeddable":true,"href":"https:\/\/zonaroja.com.mx\/index.php?rest_route=\/wp\/v2\/users\/2"}],"replies":[{"embeddable":true,"href":"https:\/\/zonaroja.com.mx\/index.php?rest_route=%2Fwp%2Fv2%2Fcomments&post=23549"}],"version-history":[{"count":1,"href":"https:\/\/zonaroja.com.mx\/index.php?rest_route=\/wp\/v2\/posts\/23549\/revisions"}],"predecessor-version":[{"id":23551,"href":"https:\/\/zonaroja.com.mx\/index.php?rest_route=\/wp\/v2\/posts\/23549\/revisions\/23551"}],"wp:featuredmedia":[{"embeddable":true,"href":"https:\/\/zonaroja.com.mx\/index.php?rest_route=\/wp\/v2\/media\/23550"}],"wp:attachment":[{"href":"https:\/\/zonaroja.com.mx\/index.php?rest_route=%2Fwp%2Fv2%2Fmedia&parent=23549"}],"wp:term":[{"taxonomy":"category","embeddable":true,"href":"https:\/\/zonaroja.com.mx\/index.php?rest_route=%2Fwp%2Fv2%2Fcategories&post=23549"},{"taxonomy":"post_tag","embeddable":true,"href":"https:\/\/zonaroja.com.mx\/index.php?rest_route=%2Fwp%2Fv2%2Ftags&post=23549"}],"curies":[{"name":"wp","href":"https:\/\/api.w.org\/{rel}","templated":true}]}}