{"id":23553,"date":"2021-02-13T12:30:51","date_gmt":"2021-02-13T18:30:51","guid":{"rendered":"http:\/\/www.zonaroja.com.mx\/?p=23553"},"modified":"2021-02-13T12:30:56","modified_gmt":"2021-02-13T18:30:56","slug":"amlo-regresa-a-un-oaxaca-con-entorno-violento-y-sin-control-en-protestas","status":"publish","type":"post","link":"https:\/\/zonaroja.com.mx\/?p=23553","title":{"rendered":"AMLO regresa a un Oaxaca con entorno violento y sin control en protestas"},"content":{"rendered":"\n<p>Yuridiana Sosa\/Zona Roja.<\/p>\n\n\n\n<p>Oaxaca de Ju\u00e1rez, Oax., 13 de febrero de 2021.- En San Mateo Tlapiltepec, municipio de la regi\u00f3n Mixteca, el Presidente Andr\u00e9s Manuel L\u00f3pez Obrador inici\u00f3 este s\u00e1bado su gira de trabajo por Oaxaca, durante dos d\u00edas.<\/p>\n\n\n\n<p>En su mensaje, destac\u00f3 que esta entidad es la que m\u00e1s ha visitado en giras de trabajo, desde que est\u00e1 en funciones como Presidente de la Rep\u00fablica.<\/p>\n\n\n\n<p>\u201cVamos a seguir trabajando en Oaxaca y en todo el pa\u00eds, atendiendo las necesidades de nuestro pueblo; de todo el pueblo, de todas las clases sociales, de todas las composiciones \u00e9tnicas.<\/p>\n\n\n\n<p>\u201cIndependientemente de banderillas partidistas, de creencias, tenemos que gobernar para todos, eso es la democracia; la \u00fanica variante, el distintivo de este gobierno del pueblo es que hemos llegado al consenso que debemos darle preferencia a la gente m\u00e1s pbre\u201d, manifest\u00f3.<\/p>\n\n\n\n<p>Sin embargo, se hall\u00f3 con un estado con al menos desde hace tres d\u00edas de hechos violentos incontenibles y con un bloqueo que perdura desde hace cinco d\u00edas y que a\u00edsla al Istmo con la regi\u00f3n de la Cuenca y con el estado de Veracruz.<\/p>\n\n\n\n<p>Incluso, ayer obligaron al representante de Segego en la negociaci\u00f3n, Jorge Toledo Toledo a cobrar cuota de paso a los afectados sobre la carretera Trans\u00edstmica&nbsp; 185, sub tramo Piedra Blanca &#8211; Mat\u00edas Romero, en el entronque a Boca del Monte, de San Juan Guachicovi.<\/p>\n\n\n\n<p>En la zona istme\u00f1a tambi\u00e9n durante la semana se registraron al menos tres bloqueos cotidianos en distintos puntos, sin que el gobierno de Alejandro Murat Hinojosa solucione los conflictos.<\/p>\n\n\n\n<p>Pero la violencia tambi\u00e9n enmarca previo a la visita del mandatario, pues de forma consecutiva desde el pasado 11 de febrero se han registrado asesinatos.<\/p>\n\n\n\n<p>Ayer, un feminicidio en Santiago Pinotepa Nacional, en la regi\u00f3n Costa y un ejecutado en San Sebasti\u00e1n Tutla, conurbado a la capital, en los Valles Centrales.<\/p>\n\n\n\n<p>Tambi\u00e9n, un d\u00eda antes, un guardia de seguridad de un bar ubicado en San Antonio de la Cal, conurbado a Oaxaca de Ju\u00e1rez, fue ejecutado a balazos, mientras que un joven de 16 a\u00f1os de edad fue asesinado a balazos la tarde del jueves en Mat\u00edas Romero Avenda\u00f1o, en el Istmo de Tehuantepec.<\/p>\n\n\n\n<p>Despu\u00e9s de San Mateo Tlapiltepec, en la regi\u00f3n Mixteca, el mandatario federal estar\u00e1 en San Mateo Etlatongo para el programa \u201cSembrando vida\u201d.<\/p>\n\n\n\n<p>Para ma\u00f1ana, domingo 14 de febrero, dar\u00e1 una conferencia matutina sobre el programa de vacunaci\u00f3n contra el Covid y encabezar\u00e1 el 109 Aniversario luctuoso de Vicente Guerrero, en Cuil\u00e1pam de Guerrero, a las 12:00 horas, en que estar\u00e1 Martin Luther King III.<\/p>\n","protected":false},"excerpt":{"rendered":"<p>Yuridiana Sosa\/Zona Roja. Oaxaca de Ju\u00e1rez, Oax., 13 de febrero de 2021.- En San Mateo&hellip;<\/p>\n","protected":false},"author":2,"featured_media":23554,"comment_status":"closed","ping_status":"open","sticky":false,"template":"","format":"standard","meta":{"_lmt_disableupdate":"","_lmt_disable":"","_jetpack_memberships_contains_paid_content":false,"footnotes":""},"categories":[109,47],"tags":[1536],"class_list":["post-23553","post","type-post","status-publish","format-standard","has-post-thumbnail","hentry","category-minuto-a-minuto","category-zona-gris","tag-visita-andres-manuel-lopez-obrador-a-oaxaca"],"jetpack_featured_media_url":"https:\/\/zonaroja.com.mx\/wp-content\/uploads\/2021\/02\/Lopez-Obrador-y-Murat-Hinojosa.jpg","jetpack_sharing_enabled":true,"_links":{"self":[{"href":"https:\/\/zonaroja.com.mx\/index.php?rest_route=\/wp\/v2\/posts\/23553","targetHints":{"allow":["GET"]}}],"collection":[{"href":"https:\/\/zonaroja.com.mx\/index.php?rest_route=\/wp\/v2\/posts"}],"about":[{"href":"https:\/\/zonaroja.com.mx\/index.php?rest_route=\/wp\/v2\/types\/post"}],"author":[{"embeddable":true,"href":"https:\/\/zonaroja.com.mx\/index.php?rest_route=\/wp\/v2\/users\/2"}],"replies":[{"embeddable":true,"href":"https:\/\/zonaroja.com.mx\/index.php?rest_route=%2Fwp%2Fv2%2Fcomments&post=23553"}],"version-history":[{"count":1,"href":"https:\/\/zonaroja.com.mx\/index.php?rest_route=\/wp\/v2\/posts\/23553\/revisions"}],"predecessor-version":[{"id":23555,"href":"https:\/\/zonaroja.com.mx\/index.php?rest_route=\/wp\/v2\/posts\/23553\/revisions\/23555"}],"wp:featuredmedia":[{"embeddable":true,"href":"https:\/\/zonaroja.com.mx\/index.php?rest_route=\/wp\/v2\/media\/23554"}],"wp:attachment":[{"href":"https:\/\/zonaroja.com.mx\/index.php?rest_route=%2Fwp%2Fv2%2Fmedia&parent=23553"}],"wp:term":[{"taxonomy":"category","embeddable":true,"href":"https:\/\/zonaroja.com.mx\/index.php?rest_route=%2Fwp%2Fv2%2Fcategories&post=23553"},{"taxonomy":"post_tag","embeddable":true,"href":"https:\/\/zonaroja.com.mx\/index.php?rest_route=%2Fwp%2Fv2%2Ftags&post=23553"}],"curies":[{"name":"wp","href":"https:\/\/api.w.org\/{rel}","templated":true}]}}