{"id":23558,"date":"2021-02-13T15:48:00","date_gmt":"2021-02-13T21:48:00","guid":{"rendered":"http:\/\/www.zonaroja.com.mx\/?p=23558"},"modified":"2021-02-13T18:57:27","modified_gmt":"2021-02-14T00:57:27","slug":"en-pandemia-precandidato-de-morena-en-usila-y-autoridades-organizan-baile","status":"publish","type":"post","link":"https:\/\/zonaroja.com.mx\/?p=23558","title":{"rendered":"En pandemia, precandidato de Morena en Usila y autoridades organizan baile"},"content":{"rendered":"\n<p>Yuridiana Sosa\/Zona Roja.<\/p>\n\n\n\n<p>San Juan Bautista Tuxtepec, Oax., 13 de febrero de 2021.- Con presencia del presidente municipal, Filem\u00f3n Hern\u00e1ndez, y del precandidato a la presidencia en San Felipe Usila, Juan de Dios Velasco, se llev\u00f3 a cabo un baile popular en esa localidad de la Cuenca, el pasado 11 de febrero, pese al pandemia de Covid.<\/p>\n\n\n\n<p>La festividad patronal se efectu\u00f3 en el San Antonio del Barrio, y de acuerdo con la misma poblaci\u00f3n, el baile fue financiado por la autoridad municipal, surgida del Partido de Unidad Popular (PUP).<\/p>\n\n\n\n<p>El baile cont\u00f3 con la vigilancia de la polic\u00eda municipal, que se limit\u00f3 a resguardar el lugar y caminar en la pista, donde tambi\u00e9n estuvo presente el precandidato a la presidencia municipal de Usila, por Morena, Juan de Dios Velasco.<\/p>\n\n\n\n<p>A la festividad social asisti\u00f3 poblaci\u00f3n de las distintas edades, pues de acuerdo a las im\u00e1genes difundidas en video, se encuentran carriolas de beb\u00e9s, menores de edad en la pista, as\u00ed como adultos de esta comunidad ind\u00edgena chinanteca.<\/p>\n\n\n\n<figure class=\"wp-block-embed-twitter wp-block-embed is-type-rich is-provider-twitter\"><div class=\"wp-block-embed__wrapper\">\n<div class=\"twitter-tweet\"><blockquote class=\"twitter-tweet\" data-lang=\"es\"><p lang=\"es\" dir=\"ltr\">\u00bfQu\u00e9 le parece? Otra pachanga en la Cuenca. <br>Ahora fue este 11 de febrero en San Antonio del Barrio, agencia municipal de San Felipe <a href=\"https:\/\/twitter.com\/hashtag\/Usila?src=hash&amp;ref_src=twsrc%5Etfw\">#Usila<\/a>, <a href=\"https:\/\/twitter.com\/hashtag\/Oaxaca?src=hash&amp;ref_src=twsrc%5Etfw\">#Oaxaca<\/a>, en que se realiz\u00f3 un baile popular, pagado por el edil Filem\u00f3n Hern\u00e1ndez, con asistencia del precandidato de Morena, Juan de Dios. <a href=\"https:\/\/t.co\/XY4zfislUY\">pic.twitter.com\/XY4zfislUY<\/a><\/p>&mdash; Zona Roja Oaxaca (@Zona_Roja_Oax) <a href=\"https:\/\/twitter.com\/Zona_Roja_Oax\/status\/1360730421944868867?ref_src=twsrc%5Etfw\">13 de febrero de 2021<\/a><\/blockquote><\/div>\n<\/div><\/figure>\n\n\n\n<p>Algunas personas portaban cubrebocas, otros lo usaban mal, mientras que la mayor\u00eda omiti\u00f3 ocuparlo.<\/p>\n\n\n\n<p>Con este, suman tres bailes populares con motivo de fiestas patronales que se efect\u00faan en comunidades alejadas en la regi\u00f3n de la Cuenca en lo que va de 2021.<\/p>\n\n\n\n<p>El primero se registr\u00f3 en San Juan del R\u00edo de Santiago Choapam, el pasado 5 de enero; mientras que el 24 de enero en Arroyo Tomate de San Juan Lalana y recientemente el 11 de febrero en San Felipe Usila.<\/p>\n","protected":false},"excerpt":{"rendered":"<p>Yuridiana Sosa\/Zona Roja. San Juan Bautista Tuxtepec, Oax., 13 de febrero de 2021.- Con presencia&hellip;<\/p>\n","protected":false},"author":2,"featured_media":23559,"comment_status":"closed","ping_status":"open","sticky":false,"template":"","format":"standard","meta":{"_lmt_disableupdate":"","_lmt_disable":"","_jetpack_memberships_contains_paid_content":false,"footnotes":""},"categories":[109,47],"tags":[1937],"class_list":["post-23558","post","type-post","status-publish","format-standard","has-post-thumbnail","hentry","category-minuto-a-minuto","category-zona-gris","tag-san-felipe-usila"],"jetpack_featured_media_url":"https:\/\/zonaroja.com.mx\/wp-content\/uploads\/2021\/02\/San-Felipe-Usila.jpg","jetpack_sharing_enabled":true,"_links":{"self":[{"href":"https:\/\/zonaroja.com.mx\/index.php?rest_route=\/wp\/v2\/posts\/23558","targetHints":{"allow":["GET"]}}],"collection":[{"href":"https:\/\/zonaroja.com.mx\/index.php?rest_route=\/wp\/v2\/posts"}],"about":[{"href":"https:\/\/zonaroja.com.mx\/index.php?rest_route=\/wp\/v2\/types\/post"}],"author":[{"embeddable":true,"href":"https:\/\/zonaroja.com.mx\/index.php?rest_route=\/wp\/v2\/users\/2"}],"replies":[{"embeddable":true,"href":"https:\/\/zonaroja.com.mx\/index.php?rest_route=%2Fwp%2Fv2%2Fcomments&post=23558"}],"version-history":[{"count":2,"href":"https:\/\/zonaroja.com.mx\/index.php?rest_route=\/wp\/v2\/posts\/23558\/revisions"}],"predecessor-version":[{"id":23571,"href":"https:\/\/zonaroja.com.mx\/index.php?rest_route=\/wp\/v2\/posts\/23558\/revisions\/23571"}],"wp:featuredmedia":[{"embeddable":true,"href":"https:\/\/zonaroja.com.mx\/index.php?rest_route=\/wp\/v2\/media\/23559"}],"wp:attachment":[{"href":"https:\/\/zonaroja.com.mx\/index.php?rest_route=%2Fwp%2Fv2%2Fmedia&parent=23558"}],"wp:term":[{"taxonomy":"category","embeddable":true,"href":"https:\/\/zonaroja.com.mx\/index.php?rest_route=%2Fwp%2Fv2%2Fcategories&post=23558"},{"taxonomy":"post_tag","embeddable":true,"href":"https:\/\/zonaroja.com.mx\/index.php?rest_route=%2Fwp%2Fv2%2Ftags&post=23558"}],"curies":[{"name":"wp","href":"https:\/\/api.w.org\/{rel}","templated":true}]}}