{"id":23567,"date":"2021-02-13T18:30:34","date_gmt":"2021-02-14T00:30:34","guid":{"rendered":"http:\/\/www.zonaroja.com.mx\/?p=23567"},"modified":"2021-02-13T18:30:38","modified_gmt":"2021-02-14T00:30:38","slug":"vinculan-a-proceso-a-ex-miss-oaxaca-por-secuestro-detenida-en-veracruz","status":"publish","type":"post","link":"https:\/\/zonaroja.com.mx\/?p=23567","title":{"rendered":"Vinculan a proceso a ex Miss Oaxaca por secuestro; detenida en Veracruz"},"content":{"rendered":"\n<p>Yuridiana Sosa\/Zona Roja.<\/p>\n\n\n\n<p>Oaxaca de Ju\u00e1rez, Oax.- 13 de febrero de 2021.- La Fiscal\u00eda General de Veracruz vincul\u00f3 a proceso a Laura M., ex reina de belleza de Oaxaca, por el delito de secuestro agravado.<\/p>\n\n\n\n<p>La autoridad judicial de Veracruz por medio de la Unidad Especializada en Combate al Secuestro (UECS) detuvo a la ex Miss Oaxaca 2018 junto a otras siete personas en Huastuco, en la zona centro del estado de vecino, presuntamente por integrar una c\u00e9lula delictiva dedicada al secuestro.<\/p>\n\n\n\n<p>La joven es originaria de San Juan Bautista Tuxtepec, en la regi\u00f3n de la Cuenca, quien desde el 2015 comenz\u00f3 a destacar en cert\u00e1menes a nivel estatal, para despu\u00e9s llegar a los escenarios nacionales e internacionales representando a Oaxaca y M\u00e9xico.<\/p>\n\n\n\n<p>Entre los concursos de belleza en los que destac\u00f3 la tuxtepecana fue Miss Earth Oaxaca 2015, Miss Earth M\u00e9xico, Miss Oaxaca 2018 y en el Reinado Internacional del Caf\u00e9 en Colombia 2020.<\/p>\n\n\n\n<p>Laura M. R., de 24 a\u00f1os de edad, estudi\u00f3 licenciatura en Administraci\u00f3n de Empresas egresada de la Universidad Veracruzana. As\u00ed como hasta el a\u00f1o pasado a\u00fan cursaba una maestr\u00eda en Finanzas por la UVM Campus Veracruz.<\/p>\n\n\n\n<p>Junto a la ex reina, fueron detenidos hace algunos d\u00edas Luis Antonio \u201cN\u201d, Ra\u00fal \u201cN\u201d, Mar\u00eda del Rosario \u201cN\u201d, Ana Martha \u201cN\u201d, C\u00e9sar Enrique \u201cN\u201d, Diego \u201cN\u201d y Jossiel \u201cN\u201d.<\/p>\n","protected":false},"excerpt":{"rendered":"<p>Yuridiana Sosa\/Zona Roja. Oaxaca de Ju\u00e1rez, Oax.- 13 de febrero de 2021.- La Fiscal\u00eda General&hellip;<\/p>\n","protected":false},"author":2,"featured_media":23568,"comment_status":"closed","ping_status":"open","sticky":false,"template":"","format":"standard","meta":{"_lmt_disableupdate":"","_lmt_disable":"","_jetpack_memberships_contains_paid_content":false,"footnotes":""},"categories":[109,47],"tags":[2450],"class_list":["post-23567","post","type-post","status-publish","format-standard","has-post-thumbnail","hentry","category-minuto-a-minuto","category-zona-gris","tag-laura-mojica-romero"],"jetpack_featured_media_url":"https:\/\/zonaroja.com.mx\/wp-content\/uploads\/2021\/02\/Laura-Mojica.jpg","jetpack_sharing_enabled":true,"_links":{"self":[{"href":"https:\/\/zonaroja.com.mx\/index.php?rest_route=\/wp\/v2\/posts\/23567","targetHints":{"allow":["GET"]}}],"collection":[{"href":"https:\/\/zonaroja.com.mx\/index.php?rest_route=\/wp\/v2\/posts"}],"about":[{"href":"https:\/\/zonaroja.com.mx\/index.php?rest_route=\/wp\/v2\/types\/post"}],"author":[{"embeddable":true,"href":"https:\/\/zonaroja.com.mx\/index.php?rest_route=\/wp\/v2\/users\/2"}],"replies":[{"embeddable":true,"href":"https:\/\/zonaroja.com.mx\/index.php?rest_route=%2Fwp%2Fv2%2Fcomments&post=23567"}],"version-history":[{"count":1,"href":"https:\/\/zonaroja.com.mx\/index.php?rest_route=\/wp\/v2\/posts\/23567\/revisions"}],"predecessor-version":[{"id":23569,"href":"https:\/\/zonaroja.com.mx\/index.php?rest_route=\/wp\/v2\/posts\/23567\/revisions\/23569"}],"wp:featuredmedia":[{"embeddable":true,"href":"https:\/\/zonaroja.com.mx\/index.php?rest_route=\/wp\/v2\/media\/23568"}],"wp:attachment":[{"href":"https:\/\/zonaroja.com.mx\/index.php?rest_route=%2Fwp%2Fv2%2Fmedia&parent=23567"}],"wp:term":[{"taxonomy":"category","embeddable":true,"href":"https:\/\/zonaroja.com.mx\/index.php?rest_route=%2Fwp%2Fv2%2Fcategories&post=23567"},{"taxonomy":"post_tag","embeddable":true,"href":"https:\/\/zonaroja.com.mx\/index.php?rest_route=%2Fwp%2Fv2%2Ftags&post=23567"}],"curies":[{"name":"wp","href":"https:\/\/api.w.org\/{rel}","templated":true}]}}