{"id":23572,"date":"2021-02-13T20:47:15","date_gmt":"2021-02-14T02:47:15","guid":{"rendered":"http:\/\/www.zonaroja.com.mx\/?p=23572"},"modified":"2021-02-13T20:47:19","modified_gmt":"2021-02-14T02:47:19","slug":"piden-a-diputados-de-oaxaca-legislar-a-favor-de-la-vida-y-no-por-la-muerte","status":"publish","type":"post","link":"https:\/\/zonaroja.com.mx\/?p=23572","title":{"rendered":"Piden a diputados de Oaxaca legislar a favor de la vida y no por la muerte"},"content":{"rendered":"\n<p>Redacci\u00f3n\/Zona Roja.<\/p>\n\n\n\n<p>Oaxaca de Ju\u00e1rez, Oax., 13 de febrero de 2021.- Ciudadanos e integrantes de diversos organismos civiles de Oaxaca efectuaron una caravana hoy en la capital, en que reiteraron su pronunciamiento a favor de la vida.<\/p>\n\n\n\n<p>As\u00ed tambi\u00e9n pidieron a las y los diputados, locales y federales, privilegiar iniciativas a favor de la vida y no de la muerte.<\/p>\n\n\n\n<p>\u201cEn Oaxaca exigimos que se respete nuestra constituci\u00f3n que tambi\u00e9n protege la vida desde el momento de la concepci\u00f3n en su art\u00edculo 12.<\/p>\n\n\n\n<p>\u201cAs\u00ed tambi\u00e9n, le pedimos a nuestros diputados que se enfoquen en los principales problemas de nuestro estado como lo es el salvar vidas, fortaleciendo nuestro sistema de salud, dot\u00e1ndolo de presupuesto para atender dignamente a los enfermos de diferentes padecimientos y que actualmente no cuentan con medicinas y no distraer recursos para matar ni\u00f1os en el vientre de su madre, incluso subrogando estas criminales acciones a cl\u00ednicas privadas.<\/p>\n\n\n\n<p>\u201cTodo esto de manera opaca y a espaldas de la ciudadan\u00eda, lo cual resulta propicio para generar corrupci\u00f3n. Exigimos que se legisle en favor de la familia oaxaque\u00f1a y no en contra de ella atendiendo a criterios ideol\u00f3gicos.<\/p>\n\n\n\n<p>\u201cPor amor a la vida les exigimos a todos los legisladores, locales y federales, que sean defensores de la vida, la familia y las libertades. M\u00e9xico est\u00e1 de luto, no queremos m\u00e1s muerte. Su actuaci\u00f3n a favor o en contra de estos pilares de la naci\u00f3n tendr\u00e1 su respuesta inequ\u00edvoca en las urnas, ya que como ciudadanos estamos como mexicanos al voto de la vida y la familia\u201d, expusieron.<\/p>\n\n\n\n<p>La caravana del llamado \u201cClaxonazo por la vida\u201d parti\u00f3 de la calzada Madero con rumbo al centro de la ciudad de Oaxaca y fue integrada, entre otros, por el Frente Nacional por la Familia; Iniciativa Ciudadana; Movimiento Ola Celeste; \u00c1rea M\u00e9dica por la Vida; Juventud y Vida; Gladium; Red Familia; Coalici\u00f3n Sumas por la vida y la Familia.<\/p>\n\n\n\n<figure class=\"wp-block-embed-twitter wp-block-embed is-type-rich is-provider-twitter\"><div class=\"wp-block-embed__wrapper\">\n<div class=\"twitter-tweet\"><blockquote class=\"twitter-tweet\" data-lang=\"es\"><p lang=\"es\" dir=\"ltr\">Que los diputados se enfoquen en los principales problemas del estado y no distraer recursos para matar ni\u00f1os; \u201cexigimos que se legisle a favor de la vida\u2026 su actuaci\u00f3n a favor o en contra de estos pilares, tendr\u00e1 su inequ\u00edvoca en las urnas\u201d: Unidad Oaxaque\u00f1a por la Vida. <a href=\"https:\/\/t.co\/UJcNyW48dB\">pic.twitter.com\/UJcNyW48dB<\/a><\/p>&mdash; Zona Roja Oaxaca (@Zona_Roja_Oax) <a href=\"https:\/\/twitter.com\/Zona_Roja_Oax\/status\/1360753104942080008?ref_src=twsrc%5Etfw\">14 de febrero de 2021<\/a><\/blockquote><\/div>\n<\/div><\/figure>\n\n\n\n<p>Previo a ello leyeron un pronunciamiento en que destacaron que la vida, la familia y las libertades fundamentales son los pilares del bien com\u00fan de nuestra naci\u00f3n.<\/p>\n\n\n\n<p>\u201cEn medio de la triple crisis que sufrimos, de salud, de seguridad y econ\u00f3mica, estos pilares son a\u00fan m\u00e1s importantes ya que se vuelve imperativo salvar vidas, protegernos de la enfermedad, la violencia, la inseguridad y el desempleo apoy\u00e1ndonos familiarmente, as\u00ed como resguardar nuestras libertades.<\/p>\n\n\n\n<p>Expusieron que ante este contexto de crisis, resulta alarmante que algunos legisladores a nivel local y federal, en vez de velar por el bien de la poblaci\u00f3n est\u00e9n poniendo su empe\u00f1o en eliminar vidas humanas de los m\u00e1s indefensos, debilitar la familia y restringir libertades, ven la tormenta y no act\u00faan en consecuencia, prefieren tratar de imponer la cultura de la muerte y la ideolog\u00eda de la confusi\u00f3n de g\u00e9nero.<\/p>\n\n\n\n<p>\u201cEs por ello que alzamos la voz ciudadana, en las principales ciudades de los estados de la rep\u00fablica y rechazamos, de manera contundente, las iniciativas, locales y federales, englobadas en lo que Olga S\u00e1nchez Cordero llama y promueve como \u201cLa Agenda de la democratizaci\u00f3n de la Familia\u201d, que buscan legalizar el crimen del aborto, la eutanasia, e imponer la ideolog\u00eda de la confusi\u00f3n de g\u00e9nero a la ni\u00f1ez, a la instituci\u00f3n matrimonial y a la familia, as\u00ed como legalizar las drogas\u201d, expusieron.<\/p>\n","protected":false},"excerpt":{"rendered":"<p>Redacci\u00f3n\/Zona Roja. Oaxaca de Ju\u00e1rez, Oax., 13 de febrero de 2021.- Ciudadanos e integrantes de&hellip;<\/p>\n","protected":false},"author":2,"featured_media":23573,"comment_status":"closed","ping_status":"open","sticky":false,"template":"","format":"standard","meta":{"_lmt_disableupdate":"","_lmt_disable":"","_jetpack_memberships_contains_paid_content":false,"footnotes":""},"categories":[109,46],"tags":[2451],"class_list":["post-23572","post","type-post","status-publish","format-standard","has-post-thumbnail","hentry","category-minuto-a-minuto","category-zona-blanca","tag-caravana-a-favor-de-la-vida"],"jetpack_featured_media_url":"https:\/\/zonaroja.com.mx\/wp-content\/uploads\/2021\/02\/Protesta-a-favor-de-la-vida.jpg","jetpack_sharing_enabled":true,"_links":{"self":[{"href":"https:\/\/zonaroja.com.mx\/index.php?rest_route=\/wp\/v2\/posts\/23572","targetHints":{"allow":["GET"]}}],"collection":[{"href":"https:\/\/zonaroja.com.mx\/index.php?rest_route=\/wp\/v2\/posts"}],"about":[{"href":"https:\/\/zonaroja.com.mx\/index.php?rest_route=\/wp\/v2\/types\/post"}],"author":[{"embeddable":true,"href":"https:\/\/zonaroja.com.mx\/index.php?rest_route=\/wp\/v2\/users\/2"}],"replies":[{"embeddable":true,"href":"https:\/\/zonaroja.com.mx\/index.php?rest_route=%2Fwp%2Fv2%2Fcomments&post=23572"}],"version-history":[{"count":1,"href":"https:\/\/zonaroja.com.mx\/index.php?rest_route=\/wp\/v2\/posts\/23572\/revisions"}],"predecessor-version":[{"id":23574,"href":"https:\/\/zonaroja.com.mx\/index.php?rest_route=\/wp\/v2\/posts\/23572\/revisions\/23574"}],"wp:featuredmedia":[{"embeddable":true,"href":"https:\/\/zonaroja.com.mx\/index.php?rest_route=\/wp\/v2\/media\/23573"}],"wp:attachment":[{"href":"https:\/\/zonaroja.com.mx\/index.php?rest_route=%2Fwp%2Fv2%2Fmedia&parent=23572"}],"wp:term":[{"taxonomy":"category","embeddable":true,"href":"https:\/\/zonaroja.com.mx\/index.php?rest_route=%2Fwp%2Fv2%2Fcategories&post=23572"},{"taxonomy":"post_tag","embeddable":true,"href":"https:\/\/zonaroja.com.mx\/index.php?rest_route=%2Fwp%2Fv2%2Ftags&post=23572"}],"curies":[{"name":"wp","href":"https:\/\/api.w.org\/{rel}","templated":true}]}}