{"id":2358,"date":"2019-07-18T19:49:41","date_gmt":"2019-07-19T00:49:41","guid":{"rendered":"http:\/\/www.zonaroja.com.mx\/?p=2358"},"modified":"2019-07-18T19:49:43","modified_gmt":"2019-07-19T00:49:43","slug":"sin-intervencion-de-la-uecs-de-la-fiscalia-liberan-a-joven-secuestrado","status":"publish","type":"post","link":"https:\/\/zonaroja.com.mx\/?p=2358","title":{"rendered":"Sin intervenci\u00f3n de la UECS de la Fiscal\u00eda, liberan a joven secuestrado"},"content":{"rendered":"\n<p>Redacci\u00f3n<\/p>\n\n\n\n<p>Oaxaca de Ju\u00e1rez, Oax., 18 de julio\nde 2019.- Sin la intervenci\u00f3n de la Unidad Especial de Combate al Secuestro (UECS)\nde la Fiscal\u00eda General del Estado, por petici\u00f3n de la familia, la ma\u00f1ana de\neste jueves fue liberado Miguel de Jes\u00fas Hern\u00e1ndez Ju\u00e1rez.<\/p>\n\n\n\n<p>Seg\u00fan los primeros datos de allegados\na la familia, \u00fanicamente se pidi\u00f3 a la Fiscal\u00eda la asesor\u00eda para negociar con\nlos secuestradores, que ped\u00edan de manera inicial entre 15 y 13 millones de\npesos; al final habr\u00edan pagado seis millones de pesos.<\/p>\n\n\n\n<p>Miguel de Jes\u00fas es hijo del due\u00f1o de\nla empresa Mole y Chocolate \u201cJuquilita\u201d; fue plagiado ayer aproximadamente a\nlas 10:15 horas cuando circulaba en su coche sobre la calle La Noria, casi\nesquina con Gonz\u00e1lez Ortega, del Centro Hist\u00f3rico de la ciudad de Oaxaca.<\/p>\n\n\n\n<p>En el lugar qued\u00f3 el veh\u00edculo en que\nse trasladaba, un coche Mercedes Benz con placas de circulaci\u00f3n TLT-9904, que\nqued\u00f3 a\u00fan con el motor encendido; al menos dos tipos a bordo de otro veh\u00edculo,\nvestidos con uniformes de polic\u00edas, lo secuestraron y se lo llevaron con rumbo\ndesconocido.<\/p>\n\n\n\n<p>De inmediato los secuestradores se\ncomunicaron con la familia para dar el monto del rescate; mientras peritos de\nla Fiscal\u00eda realizaban el levantamiento de indicios, la familia pidi\u00f3 la\nasesor\u00eda de la instancia de procuraci\u00f3n s\u00f3lo para negociaci\u00f3n, no para rescate.<\/p>\n\n\n\n<p>De acuerdo con el Secretariado\nEjecutivo del Sistema Nacional de Seguridad P\u00fablica, de enero a mayo de este\na\u00f1o se han cometido en Oaxaca 11 secuestros.<\/p>\n","protected":false},"excerpt":{"rendered":"<p>Redacci\u00f3n Oaxaca de Ju\u00e1rez, Oax., 18 de julio de 2019.- Sin la intervenci\u00f3n de la&hellip;<\/p>\n","protected":false},"author":2,"featured_media":2326,"comment_status":"closed","ping_status":"open","sticky":false,"template":"","format":"standard","meta":{"_lmt_disableupdate":"","_lmt_disable":"","_jetpack_memberships_contains_paid_content":false,"footnotes":""},"categories":[109,51],"tags":[364],"class_list":["post-2358","post","type-post","status-publish","format-standard","has-post-thumbnail","hentry","category-minuto-a-minuto","category-zona-roja","tag-liberan-a-secuestrado-en-la-ciudad-de-oaxaca"],"jetpack_featured_media_url":"https:\/\/zonaroja.com.mx\/wp-content\/uploads\/2019\/07\/6cba781f-9675-40b9-bfef-b599c2271c9e-1.jpg","jetpack_sharing_enabled":true,"_links":{"self":[{"href":"https:\/\/zonaroja.com.mx\/index.php?rest_route=\/wp\/v2\/posts\/2358","targetHints":{"allow":["GET"]}}],"collection":[{"href":"https:\/\/zonaroja.com.mx\/index.php?rest_route=\/wp\/v2\/posts"}],"about":[{"href":"https:\/\/zonaroja.com.mx\/index.php?rest_route=\/wp\/v2\/types\/post"}],"author":[{"embeddable":true,"href":"https:\/\/zonaroja.com.mx\/index.php?rest_route=\/wp\/v2\/users\/2"}],"replies":[{"embeddable":true,"href":"https:\/\/zonaroja.com.mx\/index.php?rest_route=%2Fwp%2Fv2%2Fcomments&post=2358"}],"version-history":[{"count":1,"href":"https:\/\/zonaroja.com.mx\/index.php?rest_route=\/wp\/v2\/posts\/2358\/revisions"}],"predecessor-version":[{"id":2359,"href":"https:\/\/zonaroja.com.mx\/index.php?rest_route=\/wp\/v2\/posts\/2358\/revisions\/2359"}],"wp:featuredmedia":[{"embeddable":true,"href":"https:\/\/zonaroja.com.mx\/index.php?rest_route=\/wp\/v2\/media\/2326"}],"wp:attachment":[{"href":"https:\/\/zonaroja.com.mx\/index.php?rest_route=%2Fwp%2Fv2%2Fmedia&parent=2358"}],"wp:term":[{"taxonomy":"category","embeddable":true,"href":"https:\/\/zonaroja.com.mx\/index.php?rest_route=%2Fwp%2Fv2%2Fcategories&post=2358"},{"taxonomy":"post_tag","embeddable":true,"href":"https:\/\/zonaroja.com.mx\/index.php?rest_route=%2Fwp%2Fv2%2Ftags&post=2358"}],"curies":[{"name":"wp","href":"https:\/\/api.w.org\/{rel}","templated":true}]}}