{"id":23583,"date":"2021-02-14T07:54:02","date_gmt":"2021-02-14T13:54:02","guid":{"rendered":"http:\/\/www.zonaroja.com.mx\/?p=23583"},"modified":"2021-02-14T07:54:08","modified_gmt":"2021-02-14T13:54:08","slug":"por-indolencia-del-gobierno-de-oaxaca-reciben-a-amlo-con-protestas","status":"publish","type":"post","link":"https:\/\/zonaroja.com.mx\/?p=23583","title":{"rendered":"Por indolencia del gobierno de Oaxaca, reciben a AMLO con protestas"},"content":{"rendered":"\n<p>Redacci\u00f3n\/Zona Roja.<\/p>\n\n\n\n<p>Oaxaca de Ju\u00e1rez, Oax., 14 de febrero de 2021.- Ante la desatenci\u00f3n del gobierno de Alejandro Murat Hinojosa a las demandas sociales, el Presidente de M\u00e9xico, Andr\u00e9s Manuel L\u00f3pez Obrador, fue recibido hoy en la capital de Oaxaca con al menos dos protestas.<\/p>\n\n\n\n<p>Minutos antes de las 07:00 horas arrib\u00f3 el mandatario mexicano al Palacio de Gobierno, por la calle de Bustamante.<\/p>\n\n\n\n<p>De inmediato se colocaron con una lona, padres de familia de ni\u00f1os con c\u00e1ncer, que demandan el suministro de medicamentos y la atenci\u00f3n a ni\u00f1os con c\u00e1ncer, en los hospitales de los Servicios de Salud de Oaxaca, principalmente el de la Ni\u00f1ez Oaxaque\u00f1a.<\/p>\n\n\n\n<p>Tambi\u00e9n, un grupo de desplazados de San Juan Copala, en la zona Triqui del estado, se apostaron sobre el acceso oriente de la sede del Poder Ejecutivo; en ambos casos ning\u00fan enviado de la Secretar\u00eda General de Gobierno estuvo para atender los reclamos.<\/p>\n\n\n\n<figure class=\"wp-block-embed-twitter wp-block-embed is-type-rich is-provider-twitter\"><div class=\"wp-block-embed__wrapper\">\n<div class=\"twitter-tweet\"><blockquote class=\"twitter-tweet\" data-lang=\"es\"><p lang=\"es\" dir=\"ltr\"><a href=\"https:\/\/twitter.com\/hashtag\/%C3%9AltimoMinuto?src=hash&amp;ref_src=twsrc%5Etfw\">#\u00daltimoMinuto<\/a> <br>Apenas lleg\u00f3 el Presidente <a href=\"https:\/\/twitter.com\/lopezobrador_?ref_src=twsrc%5Etfw\">@lopezobrador_<\/a> al Palacio de Gobierno de <a href=\"https:\/\/twitter.com\/hashtag\/Oaxaca?src=hash&amp;ref_src=twsrc%5Etfw\">#Oaxaca<\/a> e inician las protestas en el exterior, a falta de atenci\u00f3n de la <a href=\"https:\/\/twitter.com\/SEGEGO_GobOax?ref_src=twsrc%5Etfw\">@SEGEGO_GobOax<\/a>: <a href=\"https:\/\/t.co\/AvXxjzBxGh\">pic.twitter.com\/AvXxjzBxGh<\/a><\/p>&mdash; Zona Roja Oaxaca (@Zona_Roja_Oax) <a href=\"https:\/\/twitter.com\/Zona_Roja_Oax\/status\/1360943237746339850?ref_src=twsrc%5Etfw\">14 de febrero de 2021<\/a><\/blockquote><\/div>\n<\/div><\/figure>\n\n\n\n<p>Por otra parte, al mediod\u00eda de este domingo, en Cuil\u00e1pam de Guerrero, tambi\u00e9n el Frente Nacional de Trabajadores de Salud en la Rep\u00fablica Mexicana estar\u00e1 presente, para exigir al Presidente L\u00f3pez Obrador que se reconozca al personal que no cuenta ni con seguridad laboral ni con seguridad social.<\/p>\n\n\n\n<p>A esa hora, el mandatario mexicano, el activista Martin Luther King y autoridades estatales presidir\u00e1n un homenaje en el marco del aniversario luctuoso del general Vicente Guerrero.<\/p>\n","protected":false},"excerpt":{"rendered":"<p>Redacci\u00f3n\/Zona Roja. Oaxaca de Ju\u00e1rez, Oax., 14 de febrero de 2021.- Ante la desatenci\u00f3n del&hellip;<\/p>\n","protected":false},"author":2,"featured_media":23584,"comment_status":"closed","ping_status":"open","sticky":false,"template":"","format":"standard","meta":{"_lmt_disableupdate":"","_lmt_disable":"","_jetpack_memberships_contains_paid_content":false,"footnotes":""},"categories":[109,47],"tags":[1536],"class_list":["post-23583","post","type-post","status-publish","format-standard","has-post-thumbnail","hentry","category-minuto-a-minuto","category-zona-gris","tag-visita-andres-manuel-lopez-obrador-a-oaxaca"],"jetpack_featured_media_url":"https:\/\/zonaroja.com.mx\/wp-content\/uploads\/2021\/02\/Protestas-triquis-Oaxaca-Lopez-Obrador.jpg","jetpack_sharing_enabled":true,"_links":{"self":[{"href":"https:\/\/zonaroja.com.mx\/index.php?rest_route=\/wp\/v2\/posts\/23583","targetHints":{"allow":["GET"]}}],"collection":[{"href":"https:\/\/zonaroja.com.mx\/index.php?rest_route=\/wp\/v2\/posts"}],"about":[{"href":"https:\/\/zonaroja.com.mx\/index.php?rest_route=\/wp\/v2\/types\/post"}],"author":[{"embeddable":true,"href":"https:\/\/zonaroja.com.mx\/index.php?rest_route=\/wp\/v2\/users\/2"}],"replies":[{"embeddable":true,"href":"https:\/\/zonaroja.com.mx\/index.php?rest_route=%2Fwp%2Fv2%2Fcomments&post=23583"}],"version-history":[{"count":1,"href":"https:\/\/zonaroja.com.mx\/index.php?rest_route=\/wp\/v2\/posts\/23583\/revisions"}],"predecessor-version":[{"id":23585,"href":"https:\/\/zonaroja.com.mx\/index.php?rest_route=\/wp\/v2\/posts\/23583\/revisions\/23585"}],"wp:featuredmedia":[{"embeddable":true,"href":"https:\/\/zonaroja.com.mx\/index.php?rest_route=\/wp\/v2\/media\/23584"}],"wp:attachment":[{"href":"https:\/\/zonaroja.com.mx\/index.php?rest_route=%2Fwp%2Fv2%2Fmedia&parent=23583"}],"wp:term":[{"taxonomy":"category","embeddable":true,"href":"https:\/\/zonaroja.com.mx\/index.php?rest_route=%2Fwp%2Fv2%2Fcategories&post=23583"},{"taxonomy":"post_tag","embeddable":true,"href":"https:\/\/zonaroja.com.mx\/index.php?rest_route=%2Fwp%2Fv2%2Ftags&post=23583"}],"curies":[{"name":"wp","href":"https:\/\/api.w.org\/{rel}","templated":true}]}}