{"id":23586,"date":"2021-02-14T08:04:46","date_gmt":"2021-02-14T14:04:46","guid":{"rendered":"http:\/\/www.zonaroja.com.mx\/?p=23586"},"modified":"2021-02-14T08:04:50","modified_gmt":"2021-02-14T14:04:50","slug":"aplica-segob-plan-de-atencion-en-zona-triqui-ante-olvido-del-gobierno-de-oaxaca","status":"publish","type":"post","link":"https:\/\/zonaroja.com.mx\/?p=23586","title":{"rendered":"Aplica Segob plan de atenci\u00f3n en zona Triqui, ante olvido del gobierno de Oaxaca"},"content":{"rendered":"\n<p>Yuridiana Sosa\/Zona Roja.<\/p>\n\n\n\n<p>Oaxaca de Ju\u00e1rez, Oax., 14 de febrero de 2021.- En un plan integral que contempla seguridad, justicia, salud y atenci\u00f3n humanitaria, la Secretar\u00eda de Gobernaci\u00f3n (Segob) atiende el problema de desplazamiento de la comunidad de Tierra Blanca Copala, en Juxtlahuaca, que el gobierno estatal desconoci\u00f3 durante su origen.<\/p>\n\n\n\n<p>A trav\u00e9s de la Subsecretar\u00eda de Derechos Humanos, Poblaci\u00f3n y Migraci\u00f3n de la Secretar\u00eda de Gobernaci\u00f3n, Alejandro Encinas, inform\u00f3 sobre la estrategia de atenci\u00f3n a las familias que fueron afectadas por la violencia en enero pasado en la agencia de Tierra Blanca Copala y ahora se encuentran en Yosoyuxi Copala.<\/p>\n\n\n\n<p>El problema en esta localidad, surgido hace m\u00e1s de un mes, fue negado por el gobierno de Oaxaca que encabeza Alejandro Murat Hinojosa.<\/p>\n\n\n\n<p>Desconoci\u00f3 los ataques, presuntamente del Movimiento de Unificaci\u00f3n y Lucha Triqui (MULT) contra ind\u00edgenas independientes de organizaciones, as\u00ed como que exist\u00eda un desplazamiento masivo, a pesar de los antecedentes de violencia en la zona en el transcurso de una d\u00e9cada.<\/p>\n\n\n\n<p>Alejandro Encinas inform\u00f3 que en materia de justicia se cumpli\u00f3 con la solicitud de los habitantes de Tierra Blanca Copala para que la Fiscal\u00eda General de la Rep\u00fablica (FGR) atienda los casos de los recientes homicidios en la regi\u00f3n.<\/p>\n\n\n\n<p>La Unidad de Apoyo al Sistema de Justicia de la Secretar\u00eda de Gobernaci\u00f3n analiza la situaci\u00f3n jur\u00eddica de las personas, en comunicaci\u00f3n permanente con la representaci\u00f3n legal de los afectados.<\/p>\n\n\n\n<p>Mientras que desde el 8 de febrero personal de la Subsecretaria de Derechos Humanos, del Gobierno del Estado y la Defensor\u00eda de los Derechos Humanos del Pueblo de Oaxaca, visitaron la comunidad de Yosoyuxi, para entrevistar a los desplazadas.<\/p>\n\n\n\n<figure class=\"wp-block-embed-twitter wp-block-embed is-type-rich is-provider-twitter\"><div class=\"wp-block-embed__wrapper\">\n<div class=\"twitter-tweet\"><blockquote class=\"twitter-tweet\" data-lang=\"es\"><p lang=\"es\" dir=\"ltr\">\u201cNo vengo a tomarme la foto, no vengo por votos, no vengo a defender ni a solapar a ning\u00fan partido\u201d, dijo <a href=\"https:\/\/twitter.com\/A_Encinas_R?ref_src=twsrc%5Etfw\">@A_Encinas_R<\/a>, durante su visita a Yosoyuxi Copala, Oaxaca, donde escuch\u00f3 a desplazados, tras lo cual calific\u00f3 la situaci\u00f3n como \u201cgrav\u00edsima\u201d. <a href=\"https:\/\/twitter.com\/Fridaguerrera?ref_src=twsrc%5Etfw\">@Fridaguerrera<\/a> <a href=\"https:\/\/twitter.com\/MULTI_Oficial1?ref_src=twsrc%5Etfw\">@MULTI_Oficial1<\/a> <a href=\"https:\/\/t.co\/BkLqB8y2eN\">pic.twitter.com\/BkLqB8y2eN<\/a><\/p>&mdash; Zona Roja Oaxaca (@Zona_Roja_Oax) <a href=\"https:\/\/twitter.com\/Zona_Roja_Oax\/status\/1360625989601157126?ref_src=twsrc%5Etfw\">13 de febrero de 2021<\/a><\/blockquote><\/div>\n<\/div><\/figure>\n\n\n\n<p>En seguridad, indic\u00f3 que desde el pasado 4 de febrero se instal\u00f3 una Base Interinstitucional en la comunidad de Concepci\u00f3n Carrizal, de Santiago Juxtlahuaca, para que el gobierno federal y el local atiendan las necesidades de seguridad de la poblaci\u00f3n de la zona.<\/p>\n\n\n\n<p>Por ahora, est\u00e1n contemplados patrullajes aleatorios, atenci\u00f3n ciudadana y operativos coordinados con la Guardia Nacional.<\/p>\n\n\n\n<p>Tambi\u00e9n se ofrece atenci\u00f3n m\u00e9dica desde el pasado 8 de febrero con una brigada de salud a trav\u00e9s del programa IMSS-Bienestar para de desplazamiento o no.<\/p>\n\n\n\n<p>Respecto a la atenci\u00f3n humanitaria, el gobierno federal entregar\u00e1 a partir de esta semana paquetes alimentarios a las personas desplazadas para completar la ayuda alimentaria proporcionada por el gobierno del estado de Oaxaca.<\/p>\n\n\n\n<p>Mientras que, dijo, el gobierno del estado de Oaxaca ha proporcionado a las personas desplazadas productos b\u00e1sicos como ma\u00edz, frijol, arroz, agua embotellada, cobijas, kits de limpieza, cubrebocas, botas de hule y cobertores.<\/p>\n\n\n\n<p>As\u00ed tambi\u00e9n se han ejecutado los programas de Bienestar para de las Personas Adultas Mayores, con Discapacidad Permanente, Seguro de Vida para Jefas de Familia y del programa Becas para el Bienestar Benito Ju\u00e1rez.<\/p>\n","protected":false},"excerpt":{"rendered":"<p>Yuridiana Sosa\/Zona Roja. Oaxaca de Ju\u00e1rez, Oax., 14 de febrero de 2021.- En un plan&hellip;<\/p>\n","protected":false},"author":2,"featured_media":23587,"comment_status":"closed","ping_status":"open","sticky":false,"template":"","format":"standard","meta":{"_lmt_disableupdate":"","_lmt_disable":"","_jetpack_memberships_contains_paid_content":false,"footnotes":""},"categories":[109,47],"tags":[1712],"class_list":["post-23586","post","type-post","status-publish","format-standard","has-post-thumbnail","hentry","category-minuto-a-minuto","category-zona-gris","tag-tierra-blanca-copala"],"jetpack_featured_media_url":"https:\/\/zonaroja.com.mx\/wp-content\/uploads\/2021\/02\/Encinas-en-Yosoyuxi.jpg","jetpack_sharing_enabled":true,"_links":{"self":[{"href":"https:\/\/zonaroja.com.mx\/index.php?rest_route=\/wp\/v2\/posts\/23586","targetHints":{"allow":["GET"]}}],"collection":[{"href":"https:\/\/zonaroja.com.mx\/index.php?rest_route=\/wp\/v2\/posts"}],"about":[{"href":"https:\/\/zonaroja.com.mx\/index.php?rest_route=\/wp\/v2\/types\/post"}],"author":[{"embeddable":true,"href":"https:\/\/zonaroja.com.mx\/index.php?rest_route=\/wp\/v2\/users\/2"}],"replies":[{"embeddable":true,"href":"https:\/\/zonaroja.com.mx\/index.php?rest_route=%2Fwp%2Fv2%2Fcomments&post=23586"}],"version-history":[{"count":1,"href":"https:\/\/zonaroja.com.mx\/index.php?rest_route=\/wp\/v2\/posts\/23586\/revisions"}],"predecessor-version":[{"id":23588,"href":"https:\/\/zonaroja.com.mx\/index.php?rest_route=\/wp\/v2\/posts\/23586\/revisions\/23588"}],"wp:featuredmedia":[{"embeddable":true,"href":"https:\/\/zonaroja.com.mx\/index.php?rest_route=\/wp\/v2\/media\/23587"}],"wp:attachment":[{"href":"https:\/\/zonaroja.com.mx\/index.php?rest_route=%2Fwp%2Fv2%2Fmedia&parent=23586"}],"wp:term":[{"taxonomy":"category","embeddable":true,"href":"https:\/\/zonaroja.com.mx\/index.php?rest_route=%2Fwp%2Fv2%2Fcategories&post=23586"},{"taxonomy":"post_tag","embeddable":true,"href":"https:\/\/zonaroja.com.mx\/index.php?rest_route=%2Fwp%2Fv2%2Ftags&post=23586"}],"curies":[{"name":"wp","href":"https:\/\/api.w.org\/{rel}","templated":true}]}}