{"id":23593,"date":"2021-02-14T15:05:34","date_gmt":"2021-02-14T21:05:34","guid":{"rendered":"http:\/\/www.zonaroja.com.mx\/?p=23593"},"modified":"2021-02-14T15:25:43","modified_gmt":"2021-02-14T21:25:43","slug":"entre-protestas-omisiones-del-gobierno-de-oaxaca-y-anuncios-gira-de-amlo-hoy","status":"publish","type":"post","link":"https:\/\/zonaroja.com.mx\/?p=23593","title":{"rendered":"Entre protestas, omisiones del gobierno de Oaxaca y anuncios, gira de AMLO hoy"},"content":{"rendered":"\n<p>Ismael Garc\u00eda M.\/Zona Roja.<\/p>\n\n\n\n<p>Cuil\u00e1pam de Guerrero, Oax., 14 de febrero de 2021.- Al menos cinco protestas recibieron al Presidente de M\u00e9xico, Andr\u00e9s Manuel L\u00f3pez Obrador, en su segundo d\u00eda de visita en Oaxaca.<\/p>\n\n\n\n<p>Despu\u00e9s de las manifestaciones en el Palacio de Gobierno, en el municipio de Cuil\u00e1pam, conurbado a la capital, no faltaron tambi\u00e9n las exigencias, las porras al mandatario federal y hasta el proselitismo por parte del Partido Morena.<\/p>\n\n\n\n<p>Minutos antes de las 12:00 horas arrib\u00f3 L\u00f3pez Obrador, acompa\u00f1ado de su esposa Beatriz Guti\u00e9rrez M\u00fcller, con la recepci\u00f3n de morenistas, que cargaban lona en apoyo a un candidato, un centenar de metros antes del lugar del acto oficial.<\/p>\n\n\n\n<p>La caravana de una decena de veh\u00edculos no termin\u00f3 de ingresar al estacionamiento del ex convento de Cuil\u00e1pam, pues ah\u00ed se arremolin\u00f3 la gente, en tanto, una mujer que exig\u00eda justicia, Ana Laura Carrasco, impidi\u00f3 el paso resto de unidades y de personas, entre ellas autoridades municipales.<\/p>\n\n\n\n<p>Los reclamos, por cientos, entre ellos de autoridades municipales y de padres de ni\u00f1os con c\u00e1ncer, en el tumulto que acompa\u00f1\u00f3 la llegada del Presidente de M\u00e9xico; incluso muchos tuvieron que saltar la barda de adobe para ingresar. En ning\u00fan momento aparecieron funcionarios del Gobierno del Estado para atender a los inconformes.<\/p>\n\n\n\n<figure class=\"wp-block-embed-twitter wp-block-embed is-type-rich is-provider-twitter\"><div class=\"wp-block-embed__wrapper\">\n<div class=\"twitter-tweet\"><blockquote class=\"twitter-tweet\" data-lang=\"es\"><p lang=\"es\" dir=\"ltr\"><a href=\"https:\/\/twitter.com\/hashtag\/ENVIVO?src=hash&amp;ref_src=twsrc%5Etfw\">#ENVIVO<\/a> <br>Cuil\u00e1pam de Guerrero, Oax., 14 de febrero de 2021.- Tumultos, protestas, empujones,nula sana distancia, menosprecio a las autoridades <br>municipales y desatenci\u00f3n del gobierno de <a href=\"https:\/\/twitter.com\/hashtag\/Oaxaca?src=hash&amp;ref_src=twsrc%5Etfw\">#Oaxaca<\/a>,as\u00ed la llegada del Presidente L\u00f3pez Obrador. <br>Transmisi\u00f3n <br>\ud83d\udc47<a href=\"https:\/\/t.co\/QpUAinzE9K\">https:\/\/t.co\/QpUAinzE9K<\/a> <a href=\"https:\/\/t.co\/fzsWHJ9MAP\">pic.twitter.com\/fzsWHJ9MAP<\/a><\/p>&mdash; Zona Roja Oaxaca (@Zona_Roja_Oax) <a href=\"https:\/\/twitter.com\/Zona_Roja_Oax\/status\/1361031993803251719?ref_src=twsrc%5Etfw\">14 de febrero de 2021<\/a><\/blockquote><\/div>\n<\/div><\/figure>\n\n\n\n<p>ANUNCIA VACUNAS<\/p>\n\n\n\n<p>Previo a ello, en el Palacio de Gobierno, ante el gobernador Alejandro Murat y diversos secretarios del gabinete federal, L\u00f3pez Obrador anunci\u00f3 que a partir de este lunes 15 de febrero iniciar\u00e1 la aplicaci\u00f3n de 870 mil dosis de vacunas de la farmac\u00e9utica AstraZeneca.<\/p>\n\n\n\n<p>Ser\u00e1n aplicadas a las y los adultos mayores del pa\u00eds, privilegiando a quienes se encuentran en una primer etapa en 330 municipios marginados de la rep\u00fablica.<\/p>\n\n\n\n<p>De acuerdo con un comunicado del gobierno estatal, dijo que son alrededor de 563 mil 827 adultos mayores que hay en Oaxaca, por lo que en este primer embarque ser\u00e1n 31 mil&nbsp; 210 vacunas que se destinaran para el estado, las cuales estar\u00e1n aplic\u00e1ndose en regiones como la Ca\u00f1ada, Mixteca, entre otras.<\/p>\n\n\n\n<p>\u201cCon ese n\u00famero de dosis iniciaremos, pero no vamos a detenernos porque van a seguir llegando para vacunar en las ocho regiones de Oaxaca\u201d, indic\u00f3 L\u00f3pez Obrador.<\/p>\n\n\n\n<p>\u201cQuiero agradecer a las fuerzas armadas por el apoyo de transportaci\u00f3n y la log\u00edstica para la distribuci\u00f3n de las vacunas. Estamos trabajando todos juntos, de manera coordinada, por ello quiero agradecer a los gobiernos de los estados y municipales, de una manera muy especial a Alejandro Murat, gobernador de Oaxaca\u201d, se\u00f1al\u00f3.<\/p>\n\n\n\n<p>En esta conferencia de prensa estuvieron presentes el secretario de Salud, Jorge Alcocer Varela; el secretario de Relaciones Exteriores, Marcelo Ebrard Casaub\u00f3n; el embajador de la India en M\u00e9xico, Manpreet Vohra; el director general del Instituto Mexicano del Seguro Social (IMSS), Zo\u00e9 Robledo Aburto.<\/p>\n\n\n\n<p>As\u00ed como el\u00a0 secretario de la Defensa Nacional, Luis Cresencio Sandoval Gonz\u00e1lez; el secretario de Marina-Armada de M\u00e9xico, Jos\u00e9 Rafael Ojeda Dur\u00e1n; la secretaria de Seguridad y Protecci\u00f3n Ciudadana, Rosa Icela Rodr\u00edguez Vel\u00e1zquez; y la subsecretaria de Asuntos Multilaterales y Derechos Humanos, Martha Delgado Peralta.<\/p>\n\n\n\n<figure class=\"wp-block-embed-twitter wp-block-embed is-type-rich is-provider-twitter\"><div class=\"wp-block-embed__wrapper\">\n<div class=\"twitter-tweet\"><blockquote class=\"twitter-tweet\" data-lang=\"es\"><p lang=\"es\" dir=\"ltr\"><a href=\"https:\/\/twitter.com\/hashtag\/%C3%9AltimoMinuto?src=hash&amp;ref_src=twsrc%5Etfw\">#\u00daltimoMinuto<\/a><br>Esta ma\u00f1ana desde el Palacio de Gobierno de Oaxaca, el Presidente <a href=\"https:\/\/twitter.com\/lopezobrador_?ref_src=twsrc%5Etfw\">@lopezobrador_<\/a> preside su primera conferencia de prensa matutina dominical y aborda la compra y llegada de nuevos lotes de vacunas anticovid.<br>Siga la transmisi\u00f3n:<br>\ud83d\udc47<a href=\"https:\/\/t.co\/CTyl8JKvAM\">https:\/\/t.co\/CTyl8JKvAM<\/a> <a href=\"https:\/\/t.co\/UEiwOVmSYB\">pic.twitter.com\/UEiwOVmSYB<\/a><\/p>&mdash; Zona Roja Oaxaca (@Zona_Roja_Oax) <a href=\"https:\/\/twitter.com\/Zona_Roja_Oax\/status\/1360939535463575562?ref_src=twsrc%5Etfw\">14 de febrero de 2021<\/a><\/blockquote><\/div>\n<\/div><\/figure>\n","protected":false},"excerpt":{"rendered":"<p>Ismael Garc\u00eda M.\/Zona Roja. Cuil\u00e1pam de Guerrero, Oax., 14 de febrero de 2021.- Al menos&hellip;<\/p>\n","protected":false},"author":2,"featured_media":23594,"comment_status":"closed","ping_status":"open","sticky":false,"template":"","format":"standard","meta":{"_lmt_disableupdate":"","_lmt_disable":"","_jetpack_memberships_contains_paid_content":false,"footnotes":""},"categories":[109,46],"tags":[1536],"class_list":["post-23593","post","type-post","status-publish","format-standard","has-post-thumbnail","hentry","category-minuto-a-minuto","category-zona-blanca","tag-visita-andres-manuel-lopez-obrador-a-oaxaca"],"jetpack_featured_media_url":"https:\/\/zonaroja.com.mx\/wp-content\/uploads\/2021\/02\/Lopez-Obrador-en-Cuilapam.jpg","jetpack_sharing_enabled":true,"_links":{"self":[{"href":"https:\/\/zonaroja.com.mx\/index.php?rest_route=\/wp\/v2\/posts\/23593","targetHints":{"allow":["GET"]}}],"collection":[{"href":"https:\/\/zonaroja.com.mx\/index.php?rest_route=\/wp\/v2\/posts"}],"about":[{"href":"https:\/\/zonaroja.com.mx\/index.php?rest_route=\/wp\/v2\/types\/post"}],"author":[{"embeddable":true,"href":"https:\/\/zonaroja.com.mx\/index.php?rest_route=\/wp\/v2\/users\/2"}],"replies":[{"embeddable":true,"href":"https:\/\/zonaroja.com.mx\/index.php?rest_route=%2Fwp%2Fv2%2Fcomments&post=23593"}],"version-history":[{"count":2,"href":"https:\/\/zonaroja.com.mx\/index.php?rest_route=\/wp\/v2\/posts\/23593\/revisions"}],"predecessor-version":[{"id":23596,"href":"https:\/\/zonaroja.com.mx\/index.php?rest_route=\/wp\/v2\/posts\/23593\/revisions\/23596"}],"wp:featuredmedia":[{"embeddable":true,"href":"https:\/\/zonaroja.com.mx\/index.php?rest_route=\/wp\/v2\/media\/23594"}],"wp:attachment":[{"href":"https:\/\/zonaroja.com.mx\/index.php?rest_route=%2Fwp%2Fv2%2Fmedia&parent=23593"}],"wp:term":[{"taxonomy":"category","embeddable":true,"href":"https:\/\/zonaroja.com.mx\/index.php?rest_route=%2Fwp%2Fv2%2Fcategories&post=23593"},{"taxonomy":"post_tag","embeddable":true,"href":"https:\/\/zonaroja.com.mx\/index.php?rest_route=%2Fwp%2Fv2%2Ftags&post=23593"}],"curies":[{"name":"wp","href":"https:\/\/api.w.org\/{rel}","templated":true}]}}