{"id":2360,"date":"2019-07-18T20:51:49","date_gmt":"2019-07-19T01:51:49","guid":{"rendered":"http:\/\/www.zonaroja.com.mx\/?p=2360"},"modified":"2019-07-18T20:51:51","modified_gmt":"2019-07-19T01:51:51","slug":"cierra-el-jueves-con-tres-ejecutados-pese-a-guardia-nacional-y-operativos","status":"publish","type":"post","link":"https:\/\/zonaroja.com.mx\/?p=2360","title":{"rendered":"Cierra el jueves con tres ejecutados, pese a Guardia Nacional y operativos"},"content":{"rendered":"\n<p>Ismael\nGarc\u00eda M.<\/p>\n\n\n\n<p>Oaxaca de\nJu\u00e1rez, Oax., 18 de julio de 2019.- A pesar de la presencia de la Guardia Nacional\nen Oaxaca, as\u00ed como el operativo \u201cGuelaguetza Segura\u201d, este jueves fueron\nasesinadas a balazos tres personas, dos de ellas maniatadas y con huellas de\ntortura.<\/p>\n\n\n\n<p>Una v\u00edctima\nse registr\u00f3 en la regi\u00f3n de la Cuenca del Papaloapan y dos m\u00e1s en el Istmo de\nTehuantepec, seg\u00fan fuentes de corporaciones policiacas y de la Fiscal\u00eda General\ndel Estado.<\/p>\n\n\n\n<p>Por la\ntarde, a un costado de la carretera Trans\u00edstimica, La Ventosa-Mat\u00edas Romero, a\nla altura de la comunidad de Estaci\u00f3n Mogo\u00f1\u00e9, San Juan Guichicovi, fueron\nhallados dos cuerpos, maniatados, torturados y con una cartulina con mensaje de\nun supuesto grupo del crimen organizado.<\/p>\n\n\n\n<p>Hasta el\nmomento las v\u00edctimas no han sido identificadas de manera formal; personal de la\nVicefiscal\u00eda Regional del Istmo acudi\u00f3 al lugar para realizar las indagatorias\ncorrespondientes.<\/p>\n\n\n\n<p>Por otra\nparte, los asesinatos con armas de fuego continuaron en San Juan Bautista\nTuxtepec este jueves, en que fue asesinado un joven, en la avenida Benito\nJu\u00e1rez, cerca del monumento a la pi\u00f1a.<\/p>\n\n\n\n<p>Presenta\nvarios balazos en el cuerpo y se inform\u00f3 de manera preliminar que era un\nparabrisas; en este caso, la Vicefiscal\u00eda Regional de la Cuenca inici\u00f3 la\ncarpeta de investigaci\u00f3n respectiva.<\/p>\n\n\n\n<p>Cabe\nrecordar que el mi\u00e9rcoles ocurrieron dos hechos violentos en Tuxtepec; por la\nma\u00f1ana un individuo fue atacado a balazos, por lo cual fue trasladado a un\nhospital; por la tarde fue asesinada otra persona del sexo masculino.<\/p>\n\n\n\n<p>IDENTIFICAN\nA DOS<\/p>\n\n\n\n<p>Mientras\ntanto, seg\u00fan reportes de la Fiscal\u00eda General, como Eleazar L. S. y Julio E., originarios\nde San Agust\u00edn Loxicha, fueron identificadas las personas asesinadas el martes,\ncuyos cuerpos se hallaron a un costado de la carretera federal 175, en\ninmediaciones de San Nicol\u00e1s, Miahuatl\u00e1n.<\/p>\n\n\n\n<p>Presentaban\nhuellas de tortura y se hallaban maniatados; eran chofer y ayudante, que\ntrasladaban un cami\u00f3n con mercanc\u00eda, cuyo paradero se desconoce.<\/p>\n","protected":false},"excerpt":{"rendered":"<p>Ismael Garc\u00eda M. Oaxaca de Ju\u00e1rez, Oax., 18 de julio de 2019.- A pesar de&hellip;<\/p>\n","protected":false},"author":2,"featured_media":2361,"comment_status":"closed","ping_status":"open","sticky":false,"template":"","format":"standard","meta":{"_lmt_disableupdate":"","_lmt_disable":"","_jetpack_memberships_contains_paid_content":false,"footnotes":""},"categories":[109,51],"tags":[365],"class_list":["post-2360","post","type-post","status-publish","format-standard","has-post-thumbnail","hentry","category-minuto-a-minuto","category-zona-roja","tag-dos-ejecutados-en-mogone-guichicovi-oaxaca"],"jetpack_featured_media_url":"https:\/\/zonaroja.com.mx\/wp-content\/uploads\/2019\/07\/IMG_0970.jpg","jetpack_sharing_enabled":true,"_links":{"self":[{"href":"https:\/\/zonaroja.com.mx\/index.php?rest_route=\/wp\/v2\/posts\/2360","targetHints":{"allow":["GET"]}}],"collection":[{"href":"https:\/\/zonaroja.com.mx\/index.php?rest_route=\/wp\/v2\/posts"}],"about":[{"href":"https:\/\/zonaroja.com.mx\/index.php?rest_route=\/wp\/v2\/types\/post"}],"author":[{"embeddable":true,"href":"https:\/\/zonaroja.com.mx\/index.php?rest_route=\/wp\/v2\/users\/2"}],"replies":[{"embeddable":true,"href":"https:\/\/zonaroja.com.mx\/index.php?rest_route=%2Fwp%2Fv2%2Fcomments&post=2360"}],"version-history":[{"count":1,"href":"https:\/\/zonaroja.com.mx\/index.php?rest_route=\/wp\/v2\/posts\/2360\/revisions"}],"predecessor-version":[{"id":2362,"href":"https:\/\/zonaroja.com.mx\/index.php?rest_route=\/wp\/v2\/posts\/2360\/revisions\/2362"}],"wp:featuredmedia":[{"embeddable":true,"href":"https:\/\/zonaroja.com.mx\/index.php?rest_route=\/wp\/v2\/media\/2361"}],"wp:attachment":[{"href":"https:\/\/zonaroja.com.mx\/index.php?rest_route=%2Fwp%2Fv2%2Fmedia&parent=2360"}],"wp:term":[{"taxonomy":"category","embeddable":true,"href":"https:\/\/zonaroja.com.mx\/index.php?rest_route=%2Fwp%2Fv2%2Fcategories&post=2360"},{"taxonomy":"post_tag","embeddable":true,"href":"https:\/\/zonaroja.com.mx\/index.php?rest_route=%2Fwp%2Fv2%2Ftags&post=2360"}],"curies":[{"name":"wp","href":"https:\/\/api.w.org\/{rel}","templated":true}]}}