{"id":23608,"date":"2021-02-14T21:37:06","date_gmt":"2021-02-15T03:37:06","guid":{"rendered":"http:\/\/www.zonaroja.com.mx\/?p=23608"},"modified":"2021-02-14T21:37:09","modified_gmt":"2021-02-15T03:37:09","slug":"en-el-dia-del-amor-y-la-amistad-lesionan-con-arma-blanca-a-una-mujer-en-oaxaca","status":"publish","type":"post","link":"https:\/\/zonaroja.com.mx\/?p=23608","title":{"rendered":"En el D\u00eda del Amor y la Amistad lesionan con arma blanca a una mujer en Oaxaca"},"content":{"rendered":"\n<p>Ismael Garc\u00eda M.\/Zona Roja.<\/p>\n\n\n\n<p>Oaxaca de Ju\u00e1rez, Oax., 14 de febrero de 2021.- En pleno D\u00eda del Amor y la Amistas, una mujer fue atacada y lesionada con arma blanca, en el centro de la ciudad de Oaxaca.<\/p>\n\n\n\n<p>Los hechos sucedieron este domingo 14 de febrero en la calle de 20 de Noviembre esquina Mina, a unas seis cuadras del z\u00f3calo, en que fue agredida por un sujeto, presuntamente por intento de asalto.<\/p>\n\n\n\n<p>Ante la nula presencia de elementos de la Polic\u00eda Municipal de Oaxaca de Ju\u00e1rez, al lugar arribaron de inmediato integrantes de la Polic\u00eda Vial Estatal de la Secretar\u00eda de Seguridad P\u00fablica, quienes lograron aprehender al probable atacante, identificado como Carlos Armando \u201cN\u201d<\/p>\n\n\n\n<p>En tanto la mujer, quien dijo llamarse Norma J. P., de 32 a\u00f1os de edad, fue trasladada al Hospital Civil \u201cDr. Aurelio Valdivieso\u201d de la capital, debido a la gravedad de las heridas.<\/p>\n","protected":false},"excerpt":{"rendered":"<p>Ismael Garc\u00eda M.\/Zona Roja. Oaxaca de Ju\u00e1rez, Oax., 14 de febrero de 2021.- En pleno&hellip;<\/p>\n","protected":false},"author":2,"featured_media":23609,"comment_status":"closed","ping_status":"open","sticky":false,"template":"","format":"standard","meta":{"_lmt_disableupdate":"","_lmt_disable":"","_jetpack_memberships_contains_paid_content":false,"footnotes":""},"categories":[109,47],"tags":[148],"class_list":["post-23608","post","type-post","status-publish","format-standard","has-post-thumbnail","hentry","category-minuto-a-minuto","category-zona-gris","tag-oaxaca-de-juarez"],"jetpack_featured_media_url":"https:\/\/zonaroja.com.mx\/wp-content\/uploads\/2021\/02\/Mujer-herida-ciudad-de-Oaxaca.jpg","jetpack_sharing_enabled":true,"_links":{"self":[{"href":"https:\/\/zonaroja.com.mx\/index.php?rest_route=\/wp\/v2\/posts\/23608","targetHints":{"allow":["GET"]}}],"collection":[{"href":"https:\/\/zonaroja.com.mx\/index.php?rest_route=\/wp\/v2\/posts"}],"about":[{"href":"https:\/\/zonaroja.com.mx\/index.php?rest_route=\/wp\/v2\/types\/post"}],"author":[{"embeddable":true,"href":"https:\/\/zonaroja.com.mx\/index.php?rest_route=\/wp\/v2\/users\/2"}],"replies":[{"embeddable":true,"href":"https:\/\/zonaroja.com.mx\/index.php?rest_route=%2Fwp%2Fv2%2Fcomments&post=23608"}],"version-history":[{"count":1,"href":"https:\/\/zonaroja.com.mx\/index.php?rest_route=\/wp\/v2\/posts\/23608\/revisions"}],"predecessor-version":[{"id":23610,"href":"https:\/\/zonaroja.com.mx\/index.php?rest_route=\/wp\/v2\/posts\/23608\/revisions\/23610"}],"wp:featuredmedia":[{"embeddable":true,"href":"https:\/\/zonaroja.com.mx\/index.php?rest_route=\/wp\/v2\/media\/23609"}],"wp:attachment":[{"href":"https:\/\/zonaroja.com.mx\/index.php?rest_route=%2Fwp%2Fv2%2Fmedia&parent=23608"}],"wp:term":[{"taxonomy":"category","embeddable":true,"href":"https:\/\/zonaroja.com.mx\/index.php?rest_route=%2Fwp%2Fv2%2Fcategories&post=23608"},{"taxonomy":"post_tag","embeddable":true,"href":"https:\/\/zonaroja.com.mx\/index.php?rest_route=%2Fwp%2Fv2%2Ftags&post=23608"}],"curies":[{"name":"wp","href":"https:\/\/api.w.org\/{rel}","templated":true}]}}