{"id":23611,"date":"2021-02-14T22:14:17","date_gmt":"2021-02-15T04:14:17","guid":{"rendered":"http:\/\/www.zonaroja.com.mx\/?p=23611"},"modified":"2021-02-14T22:14:23","modified_gmt":"2021-02-15T04:14:23","slug":"abandona-la-segego-a-su-empleado-en-bloqueo-en-el-istmo-lo-intentan-linchar","status":"publish","type":"post","link":"https:\/\/zonaroja.com.mx\/?p=23611","title":{"rendered":"Abandona la Segego a su empleado en bloqueo en el Istmo; lo intentan linchar"},"content":{"rendered":"\n<p>Ismael Garc\u00eda M.\/Zona Roja.<\/p>\n\n\n\n<p>Oaxaca de Ju\u00e1rez, Oax., 14 de febrero de 2021.- A cinco d\u00edas de su retenci\u00f3n, el funcionario de la Secretar\u00eda General de Gobierno (Segego), Jorge Toledo Toledo, estuvo a punto de ser linchado hoy por manifestantes de San Juan Mazatl\u00e1n Mixe, que bloquean desde hace seis d\u00edas la v\u00eda Trans\u00edstmica.<\/p>\n\n\n\n<p>Pese a ello, la dependencia que encabeza Francisco Garc\u00eda L\u00f3pez, se limit\u00f3 a reprobar y condenar los hechos, a trav\u00e9s de un bolet\u00edn. En tanto, en una tarjeta informativa, la Defensor\u00eda de los Derechos Humanos del Pueblo de Oaxaca solicit\u00f3 la intervenci\u00f3n de autoridades de seguridad y procuraci\u00f3n de justicia.<\/p>\n\n\n\n<p>En la v\u00edspera, Toledo Toledo, quien hab\u00eda sido enviado para dialogar, junto con otros tres funcionarios, fue humillado por los inconformes de Mazatl\u00e1n y lo pusieron a pedir cuotas de cooperaci\u00f3n a los automovilistas de veh\u00edculos compactos, los \u00fanicos que pueden transitar por el bloqueo, que retiran de manera espor\u00e1dica.<\/p>\n\n\n\n<p>Y este domingo, fue amarrado de las manos a una camioneta y le pusieron una soga al cuello, con la intenci\u00f3n de ahorcarlo, lo cual no sucedi\u00f3.<\/p>\n\n\n\n<p>A trav\u00e9s de una tarjeta informativa, la DDHPO expuso que inici\u00f3 un Cuaderno de Antecedentes con el n\u00famero DDHPO\/CA\/0049\/(14)\/OAX\/2021, para requerir a la Fiscal\u00eda General del Estado que inicia una Carpeta de Investigaci\u00f3n por la posible comisi\u00f3n de un delito.<\/p>\n\n\n\n<p>A la Secretar\u00eda General de Gobierno le demand\u00f3 atender de manera integral el conflicto y a la Guardia Nacional, que intervenga para garantizar la vida y la seguridad del servidor p\u00fablico retenido.<\/p>\n\n\n\n<p>Por su parte la Segego expuso en un bolet\u00edn que \u201cmantiene el compromiso de resolver la problem\u00e1tica de los pueblos y comunidades a trav\u00e9s del di\u00e1logo y la conciliaci\u00f3n, motivo por el cual exhorta a las y los pobladores de San Juan Mazatl\u00e1n y sus agencias a conducirse con civilidad, no afectar la integridad f\u00edsica del trabajador Jorge Toledo Toledo, quien ha brindado atenci\u00f3n desde el primer d\u00eda de este conflicto social\u201d.<\/p>\n\n\n\n<p>\u201c\u2026reitera el llamado al presidente municipal, Macario Eleuterio Jim\u00e9nez y a la autoridad comunitaria ind\u00edgena de la cabecera, \u00c1ngel Guillermo Mar\u00edn Bonifacio, para alcanzar acuerdos en favor de las y los habitantes de San Juan Mazatl\u00e1n, encaminados a la soluci\u00f3n de sus diferencias, construyendo puentes de entendimiento entre ambas partes\u201d.<\/p>\n\n\n\n<p>\u201cLa Segego reprueba y condena los hechos en contra de su trabajador, as\u00ed como la mala pr\u00e1ctica de mantener el bloqueo en la Carretera Federal 185 Trans\u00edstmica, a la altura de la agencia municipal Boca del Monte, ya que se ha brindado atenci\u00f3n a trav\u00e9s del di\u00e1logo, y no abona a la construcci\u00f3n de la paz social que se necesita en la zona para el desarrollo de las actividades comerciales, se limit\u00f3 a difundir.<\/p>\n","protected":false},"excerpt":{"rendered":"<p>Ismael Garc\u00eda M.\/Zona Roja. Oaxaca de Ju\u00e1rez, Oax., 14 de febrero de 2021.- A cinco&hellip;<\/p>\n","protected":false},"author":2,"featured_media":23612,"comment_status":"closed","ping_status":"open","sticky":false,"template":"","format":"standard","meta":{"_lmt_disableupdate":"","_lmt_disable":"","_jetpack_memberships_contains_paid_content":false,"footnotes":""},"categories":[109,47],"tags":[933],"class_list":["post-23611","post","type-post","status-publish","format-standard","has-post-thumbnail","hentry","category-minuto-a-minuto","category-zona-gris","tag-san-juan-mazatlan-mixe"],"jetpack_featured_media_url":"https:\/\/zonaroja.com.mx\/wp-content\/uploads\/2021\/02\/Funcionario-amarrado-Segego-bloqueo.jpg","jetpack_sharing_enabled":true,"_links":{"self":[{"href":"https:\/\/zonaroja.com.mx\/index.php?rest_route=\/wp\/v2\/posts\/23611","targetHints":{"allow":["GET"]}}],"collection":[{"href":"https:\/\/zonaroja.com.mx\/index.php?rest_route=\/wp\/v2\/posts"}],"about":[{"href":"https:\/\/zonaroja.com.mx\/index.php?rest_route=\/wp\/v2\/types\/post"}],"author":[{"embeddable":true,"href":"https:\/\/zonaroja.com.mx\/index.php?rest_route=\/wp\/v2\/users\/2"}],"replies":[{"embeddable":true,"href":"https:\/\/zonaroja.com.mx\/index.php?rest_route=%2Fwp%2Fv2%2Fcomments&post=23611"}],"version-history":[{"count":1,"href":"https:\/\/zonaroja.com.mx\/index.php?rest_route=\/wp\/v2\/posts\/23611\/revisions"}],"predecessor-version":[{"id":23613,"href":"https:\/\/zonaroja.com.mx\/index.php?rest_route=\/wp\/v2\/posts\/23611\/revisions\/23613"}],"wp:featuredmedia":[{"embeddable":true,"href":"https:\/\/zonaroja.com.mx\/index.php?rest_route=\/wp\/v2\/media\/23612"}],"wp:attachment":[{"href":"https:\/\/zonaroja.com.mx\/index.php?rest_route=%2Fwp%2Fv2%2Fmedia&parent=23611"}],"wp:term":[{"taxonomy":"category","embeddable":true,"href":"https:\/\/zonaroja.com.mx\/index.php?rest_route=%2Fwp%2Fv2%2Fcategories&post=23611"},{"taxonomy":"post_tag","embeddable":true,"href":"https:\/\/zonaroja.com.mx\/index.php?rest_route=%2Fwp%2Fv2%2Ftags&post=23611"}],"curies":[{"name":"wp","href":"https:\/\/api.w.org\/{rel}","templated":true}]}}