{"id":23614,"date":"2021-02-15T07:31:06","date_gmt":"2021-02-15T13:31:06","guid":{"rendered":"http:\/\/www.zonaroja.com.mx\/?p=23614"},"modified":"2021-02-15T07:31:11","modified_gmt":"2021-02-15T13:31:11","slug":"sale-libre-otra-vez-el-chivo-por-inconsistencias-en-investigaciones","status":"publish","type":"post","link":"https:\/\/zonaroja.com.mx\/?p=23614","title":{"rendered":"Sale libre, otra vez, \u201cEl Chivo\u201d, por inconsistencias en investigaciones"},"content":{"rendered":"\n<p>Redacci\u00f3n\/Zona Roja.<\/p>\n\n\n\n<p>Oaxaca de Ju\u00e1rez, Oax., 15 de febrero de 2021.- Por probables errores en la integraci\u00f3n de la Carpeta de Investigaci\u00f3n por parte de la Fiscal\u00eda General del Estado de Oaxaca, el pasado s\u00e1bado qued\u00f3 en libertad Erick Filiberto J. R., conocido como \u201cEl Chivo\u201d, integrante de la dirigencia de CATEM Joven.<\/p>\n\n\n\n<p>El individuo hab\u00eda sido detenido por elementos de la Polic\u00eda Estatal el pasado 6 de febrero en jurisdicci\u00f3n de Santa Cruz Xoxocotl\u00e1n y entregado a la autoridad ministerial, que le aplic\u00f3 una orden de aprehensi\u00f3n pendiente por el delito de homicidio de un adolescente, Israel H., cometido en marzo de 2019.<\/p>\n\n\n\n<p>No obstante, durante la audiencia el pasado fin de semana, el juez de la causa consider\u00f3 que eran insuficientes las pruebas presentadas por parte del Ministerio P\u00fablico de la Fiscal\u00eda General.<\/p>\n\n\n\n<p>Esta es la segunda ocasi\u00f3n en que queda en libertad Erick J. R., pues una acci\u00f3n similar de presuntos errores en la integraci\u00f3n de las indagatorias le benefici\u00f3.<\/p>\n\n\n\n<p>OTRO LIBERADO<\/p>\n\n\n\n<p>Por otra parte, la semana pasada qued\u00f3 tambi\u00e9n en libertad otro individuo, identificado como Carlos J. E., alias \u201cEl Huevo\u201d, quien hab\u00eda sido detenido por elementos de la Agencia Estatal de Investigaciones como presunto autor del crimen de un vendedor de lubricantes y ex trabajador de los Servicios de Salud de Oaxaca, Christian Omar G. T., de 29 a\u00f1os de edad, perpetrado el 16 de julio de 2020.<\/p>\n\n\n\n<p>Carlos fue arrestado el pasado 28 de enero bajo la orden de aprehensi\u00f3n en la causa penal 17\/2021 por el delito de homicidio y qued\u00f3 a disposici\u00f3n del juez; no obstante, durante la audiencia de t\u00e9rmino constitucional, la autoridad juzgadora consider\u00f3 que no hab\u00eda elementos para vincularlo a proceso y decret\u00f3 auto de libertad.<\/p>\n","protected":false},"excerpt":{"rendered":"<p>Redacci\u00f3n\/Zona Roja. Oaxaca de Ju\u00e1rez, Oax., 15 de febrero de 2021.- Por probables errores en&hellip;<\/p>\n","protected":false},"author":2,"featured_media":23337,"comment_status":"closed","ping_status":"open","sticky":false,"template":"","format":"standard","meta":{"_lmt_disableupdate":"","_lmt_disable":"","_jetpack_memberships_contains_paid_content":false,"footnotes":""},"categories":[109,47],"tags":[2433],"class_list":["post-23614","post","type-post","status-publish","format-standard","has-post-thumbnail","hentry","category-minuto-a-minuto","category-zona-gris","tag-erick-filiberto-j-r-el-chivo"],"jetpack_featured_media_url":"https:\/\/zonaroja.com.mx\/wp-content\/uploads\/2021\/02\/Erick-El-Chivo.jpg","jetpack_sharing_enabled":true,"_links":{"self":[{"href":"https:\/\/zonaroja.com.mx\/index.php?rest_route=\/wp\/v2\/posts\/23614","targetHints":{"allow":["GET"]}}],"collection":[{"href":"https:\/\/zonaroja.com.mx\/index.php?rest_route=\/wp\/v2\/posts"}],"about":[{"href":"https:\/\/zonaroja.com.mx\/index.php?rest_route=\/wp\/v2\/types\/post"}],"author":[{"embeddable":true,"href":"https:\/\/zonaroja.com.mx\/index.php?rest_route=\/wp\/v2\/users\/2"}],"replies":[{"embeddable":true,"href":"https:\/\/zonaroja.com.mx\/index.php?rest_route=%2Fwp%2Fv2%2Fcomments&post=23614"}],"version-history":[{"count":1,"href":"https:\/\/zonaroja.com.mx\/index.php?rest_route=\/wp\/v2\/posts\/23614\/revisions"}],"predecessor-version":[{"id":23615,"href":"https:\/\/zonaroja.com.mx\/index.php?rest_route=\/wp\/v2\/posts\/23614\/revisions\/23615"}],"wp:featuredmedia":[{"embeddable":true,"href":"https:\/\/zonaroja.com.mx\/index.php?rest_route=\/wp\/v2\/media\/23337"}],"wp:attachment":[{"href":"https:\/\/zonaroja.com.mx\/index.php?rest_route=%2Fwp%2Fv2%2Fmedia&parent=23614"}],"wp:term":[{"taxonomy":"category","embeddable":true,"href":"https:\/\/zonaroja.com.mx\/index.php?rest_route=%2Fwp%2Fv2%2Fcategories&post=23614"},{"taxonomy":"post_tag","embeddable":true,"href":"https:\/\/zonaroja.com.mx\/index.php?rest_route=%2Fwp%2Fv2%2Ftags&post=23614"}],"curies":[{"name":"wp","href":"https:\/\/api.w.org\/{rel}","templated":true}]}}