{"id":23617,"date":"2021-02-15T08:20:39","date_gmt":"2021-02-15T14:20:39","guid":{"rendered":"http:\/\/www.zonaroja.com.mx\/?p=23617"},"modified":"2021-02-15T08:20:43","modified_gmt":"2021-02-15T14:20:43","slug":"desarrollo-democratico-area-de-oportunidad-para-el-gobierno-de-oaxaca","status":"publish","type":"post","link":"https:\/\/zonaroja.com.mx\/?p=23617","title":{"rendered":"Desarrollo democr\u00e1tico, \u00e1rea de oportunidad para el gobierno de Oaxaca"},"content":{"rendered":"\n<p>Evlin Arag\u00f3n\/Zona Roja.<\/p>\n\n\n\n<p>\u201cLograr el desarrollo democr\u00e1tico es uno de los principales retos a los que se enfrenta el gobierno de Oaxaca en la actualidad\u201d.<\/p>\n\n\n\n<p>Son las declaraciones de Hugo F\u00e9lix Cl\u00edmaco, presidente del Colegio de Economistas de Oaxaca, quien en el marco de la presentaci\u00f3n de resultado del \u00cdndice de Desarrollo de la Democracia en M\u00e9xico 2020, asegur\u00f3 que la entidad oaxaque\u00f1a tiene amplio potencial por desarrollar en el \u00e1mbito democr\u00e1tico.&nbsp;&nbsp;<\/p>\n\n\n\n<p>Y es que, aunque Oaxaca destac\u00f3 el a\u00f1o pasado por su bajo y m\u00ednimo desarrollo en los \u00edndices de desarrollo democr\u00e1tico, democracia de los ciudadanos, democracia de las instituciones, democracia social y democracia econ\u00f3mica; lo anterior puede verse como un rubro digno de potenciar.&nbsp;<\/p>\n\n\n\n<p>De acuerdo con el especialista, en el 2011, 2012 y 2013, la entidad contaba con un incremento en el \u00cdndice de Desarrollo de la Democracia debido al cambio de r\u00e9gimen, sin embargo, la expectativa se fue desinflando conforme al paso del tiempo, al igual que los resultados evaluados.&nbsp;<\/p>\n\n\n\n<p>Lo anterior coloc\u00f3 a Oaxaca de nueva cuenta dentro de los estados con los \u00edndices m\u00e1s bajos, de ah\u00ed que se haga indispensable la valoraci\u00f3n de los mismos a fin de dise\u00f1ar acciones, proyectos, programas y pol\u00edticas p\u00fablicas que permitan resarcirlos.&nbsp;<\/p>\n\n\n\n<p>Para Hugo F\u00e9lix Cl\u00edmaco, es indispensable la participaci\u00f3n de las instituciones, empresas y sociedad en general -junto con el gobierno- para mejorar los indicadores anteriormente mencionados, a fin de que puedan verse reflejados en una mejor calidad de vida para las y los oaxaque\u00f1os.&nbsp;<\/p>\n\n\n\n<p>Por su parte Gustavo Meixueiro N\u00e1jera, consejero presidente del Instituto Estatal Electoral y de Participaci\u00f3n Ciudadana (IEEPCO), refiri\u00f3 que la democracia no es un concepto definido, sino que se encuentra en constante evoluci\u00f3n, por lo que llegar a ella implica tiempo y el involucramiento de todos los sectores de la poblaci\u00f3n.<\/p>\n\n\n\n<p>\u201cLa democracia no se limita a los procesos electorales ni a la elecci\u00f3n de representantes populares. Para que exista la verdadera democracia, es necesaria la participaci\u00f3n activa de la ciudadan\u00eda a trav\u00e9s de los m\u00faltiples mecanismos existentes\u00bb, dijo.<\/p>\n\n\n\n<p>De ah\u00ed que coincidi\u00f3 en que, aunque los resultados no son favorables para Oaxaca, estos se traducen en una nueva oportunidad para que las instituciones p\u00fablicas y privadas, organizaciones sociales, la academia y la sociedad en general participen en la construcci\u00f3n de la democracia.&nbsp;<\/p>\n\n\n\n<p>Mientras que Jorge Alonso Alejo Victoria, vocal del INE Oaxaca, asegur\u00f3 que el \u00cdndice de Desarrollo de la Democracia en M\u00e9xico 2020 evidencia la fragilidad de las democracias en el mundo y la necesidad de trabajar de manera constante para protegerla y fortalecerla en M\u00e9xico y la entidad oaxaque\u00f1a.&nbsp;<\/p>\n","protected":false},"excerpt":{"rendered":"<p>Evlin Arag\u00f3n\/Zona Roja. \u201cLograr el desarrollo democr\u00e1tico es uno de los principales retos a los&hellip;<\/p>\n","protected":false},"author":2,"featured_media":23618,"comment_status":"closed","ping_status":"open","sticky":false,"template":"","format":"standard","meta":{"_lmt_disableupdate":"","_lmt_disable":"","_jetpack_memberships_contains_paid_content":false,"footnotes":""},"categories":[109,46],"tags":[2455],"class_list":["post-23617","post","type-post","status-publish","format-standard","has-post-thumbnail","hentry","category-minuto-a-minuto","category-zona-blanca","tag-hugo-felix-climaco"],"jetpack_featured_media_url":"https:\/\/zonaroja.com.mx\/wp-content\/uploads\/2021\/02\/Hugo-Felix-Climaco.jpg","jetpack_sharing_enabled":true,"_links":{"self":[{"href":"https:\/\/zonaroja.com.mx\/index.php?rest_route=\/wp\/v2\/posts\/23617","targetHints":{"allow":["GET"]}}],"collection":[{"href":"https:\/\/zonaroja.com.mx\/index.php?rest_route=\/wp\/v2\/posts"}],"about":[{"href":"https:\/\/zonaroja.com.mx\/index.php?rest_route=\/wp\/v2\/types\/post"}],"author":[{"embeddable":true,"href":"https:\/\/zonaroja.com.mx\/index.php?rest_route=\/wp\/v2\/users\/2"}],"replies":[{"embeddable":true,"href":"https:\/\/zonaroja.com.mx\/index.php?rest_route=%2Fwp%2Fv2%2Fcomments&post=23617"}],"version-history":[{"count":1,"href":"https:\/\/zonaroja.com.mx\/index.php?rest_route=\/wp\/v2\/posts\/23617\/revisions"}],"predecessor-version":[{"id":23619,"href":"https:\/\/zonaroja.com.mx\/index.php?rest_route=\/wp\/v2\/posts\/23617\/revisions\/23619"}],"wp:featuredmedia":[{"embeddable":true,"href":"https:\/\/zonaroja.com.mx\/index.php?rest_route=\/wp\/v2\/media\/23618"}],"wp:attachment":[{"href":"https:\/\/zonaroja.com.mx\/index.php?rest_route=%2Fwp%2Fv2%2Fmedia&parent=23617"}],"wp:term":[{"taxonomy":"category","embeddable":true,"href":"https:\/\/zonaroja.com.mx\/index.php?rest_route=%2Fwp%2Fv2%2Fcategories&post=23617"},{"taxonomy":"post_tag","embeddable":true,"href":"https:\/\/zonaroja.com.mx\/index.php?rest_route=%2Fwp%2Fv2%2Ftags&post=23617"}],"curies":[{"name":"wp","href":"https:\/\/api.w.org\/{rel}","templated":true}]}}