{"id":23623,"date":"2021-02-15T14:07:37","date_gmt":"2021-02-15T20:07:37","guid":{"rendered":"http:\/\/www.zonaroja.com.mx\/?p=23623"},"modified":"2021-02-15T14:07:41","modified_gmt":"2021-02-15T20:07:41","slug":"reiteran-panistas-rechazo-a-una-candidatura-del-pri-a-la-capital-oaxaquena","status":"publish","type":"post","link":"https:\/\/zonaroja.com.mx\/?p=23623","title":{"rendered":"Reiteran panistas rechazo a una candidatura del PRI a la capital oaxaque\u00f1a"},"content":{"rendered":"\n<p>Yuridiana Sosa\/Zona Roja.<\/p>\n\n\n\n<p>Oaxaca de Ju\u00e1rez, Oax., 15 de febrero de 2021.- Militantes del Partido Acci\u00f3n Nacional (PAN) en la capital oaxaque\u00f1a exigieron al Comit\u00e9 Directivo Estatal del organismo respetar la voluntad de la militancia para evitar que el candidato o candidata a la presidencia de Oaxaca de Ju\u00e1rez, de la coalici\u00f3n \u201cVa por Oaxaca\u201d, sea del PRI.<\/p>\n\n\n\n<p>En conferencia de prensa, la ma\u00f1ana de este lunes, los panistas representados por Mar\u00eda Isabel L\u00f3pez L\u00f3pez, Felipe Heredia Mar\u00edn, C\u00e9sar Quintas Cort\u00e9s, Alfredo Castillo Colmenares, entre otros, manifestaron su rechazo a la propuesta de designar a Javier Villaca\u00f1a Jim\u00e9nez, del PRI y ex presidente municipal, como el representante de la coalici\u00f3n.<\/p>\n\n\n\n<p>La alianza \u201cVa por Oaxaca\u201d no es aceptada por los panistas, pero la respetan por la dif\u00edcil situaci\u00f3n que atraviesa el PAN a nivel estatal, dijeron; pero rechazan que en la capital se nombre a alguien distinto a su partido, como tambi\u00e9n lo ha manifestado el Comit\u00e9 Municipal del albiazul.<\/p>\n\n\n\n<p>&nbsp;\u201cLos panistas no queremos pedir el voto por alguien que sabemos que no hizo una buena administraci\u00f3n a favor de la ciudadan\u00eda\u201d, se\u00f1al\u00f3 Mar\u00eda Isabel L\u00f3pez, quien exigi\u00f3 respeto a la decisi\u00f3n de la militancia.<\/p>\n\n\n\n<p>Los manifestantes de este lunes lamentaron el entreguismo de la dirigencia estatal de Acci\u00f3n Nacional con el Partido Revolucionario Institucional, tanto en lo local en la capital, como en candidatos a distritos federales donde tambi\u00e9n quieren nombrar a a\u00f1ejos pol\u00edticos del PRI, cuando hist\u00f3ricamente han sido representados por el albiazul.<\/p>\n","protected":false},"excerpt":{"rendered":"<p>Yuridiana Sosa\/Zona Roja. Oaxaca de Ju\u00e1rez, Oax., 15 de febrero de 2021.- Militantes del Partido&hellip;<\/p>\n","protected":false},"author":2,"featured_media":23624,"comment_status":"closed","ping_status":"open","sticky":false,"template":"","format":"standard","meta":{"_lmt_disableupdate":"","_lmt_disable":"","_jetpack_memberships_contains_paid_content":false,"footnotes":""},"categories":[109,47],"tags":[2364],"class_list":["post-23623","post","type-post","status-publish","format-standard","has-post-thumbnail","hentry","category-minuto-a-minuto","category-zona-gris","tag-partido-accion-nacional-pan-oaxaca"],"jetpack_featured_media_url":"https:\/\/zonaroja.com.mx\/wp-content\/uploads\/2021\/02\/Conferencia-de-prensa-panistas.jpg","jetpack_sharing_enabled":true,"_links":{"self":[{"href":"https:\/\/zonaroja.com.mx\/index.php?rest_route=\/wp\/v2\/posts\/23623","targetHints":{"allow":["GET"]}}],"collection":[{"href":"https:\/\/zonaroja.com.mx\/index.php?rest_route=\/wp\/v2\/posts"}],"about":[{"href":"https:\/\/zonaroja.com.mx\/index.php?rest_route=\/wp\/v2\/types\/post"}],"author":[{"embeddable":true,"href":"https:\/\/zonaroja.com.mx\/index.php?rest_route=\/wp\/v2\/users\/2"}],"replies":[{"embeddable":true,"href":"https:\/\/zonaroja.com.mx\/index.php?rest_route=%2Fwp%2Fv2%2Fcomments&post=23623"}],"version-history":[{"count":1,"href":"https:\/\/zonaroja.com.mx\/index.php?rest_route=\/wp\/v2\/posts\/23623\/revisions"}],"predecessor-version":[{"id":23625,"href":"https:\/\/zonaroja.com.mx\/index.php?rest_route=\/wp\/v2\/posts\/23623\/revisions\/23625"}],"wp:featuredmedia":[{"embeddable":true,"href":"https:\/\/zonaroja.com.mx\/index.php?rest_route=\/wp\/v2\/media\/23624"}],"wp:attachment":[{"href":"https:\/\/zonaroja.com.mx\/index.php?rest_route=%2Fwp%2Fv2%2Fmedia&parent=23623"}],"wp:term":[{"taxonomy":"category","embeddable":true,"href":"https:\/\/zonaroja.com.mx\/index.php?rest_route=%2Fwp%2Fv2%2Fcategories&post=23623"},{"taxonomy":"post_tag","embeddable":true,"href":"https:\/\/zonaroja.com.mx\/index.php?rest_route=%2Fwp%2Fv2%2Ftags&post=23623"}],"curies":[{"name":"wp","href":"https:\/\/api.w.org\/{rel}","templated":true}]}}