{"id":23629,"date":"2021-02-15T16:29:38","date_gmt":"2021-02-15T22:29:38","guid":{"rendered":"http:\/\/www.zonaroja.com.mx\/?p=23629"},"modified":"2021-02-15T16:29:43","modified_gmt":"2021-02-15T22:29:43","slug":"se-defiende-javie-villacana-y-rechaza-senalamientos-de-panista-exige-disculpas","status":"publish","type":"post","link":"https:\/\/zonaroja.com.mx\/?p=23629","title":{"rendered":"Se defiende Javie Villaca\u00f1a y rechaza se\u00f1alamientos de panista; exige disculpas"},"content":{"rendered":"\n<p>Yuridiana Sosa\/Zona Roja.<\/p>\n\n\n\n<p>Oaxaca de Ju\u00e1rez, Oax., 15 de febrero de 2021.- El aspirante a la candidatura para la presidencia municipal de la capital de Oaxaca, Javier Villaca\u00f1a Jim\u00e9nez, exigi\u00f3 a la militante del PAN, Mar\u00eda Isabel L\u00f3pez L\u00f3pez, retractarse de los se\u00f1alamientos emitidos sobre ser mis\u00f3gino, corrupto y enriquecimiento il\u00edcito, para descalificar su imagen en el proceso electoral de este a\u00f1o.<\/p>\n\n\n\n<p>El ex edil por el PRI  se defendi\u00f3 de las acusaciones realizadas en conferencia de prensa efectuada por militantes de Acci\u00f3n Nacional, en la que manifestaron su rechazo a la posible designaci\u00f3n del priista como parte de la candidatura com\u00fan de la coalici\u00f3n \u201cVa por Oaxaca\u201d que forma el PAN-PRI-PRD.<\/p>\n\n\n\n<p>En la postura de exigir al Comit\u00e9 Directivo Estatal del PAN que el candidato sea de su partido, Mar\u00eda Isabel L\u00f3pez L\u00f3pez expres\u00f3: \u201cLos panistas no queremos pedir el voto por alguien que sabemos que no hizo una buena administraci\u00f3n a favor de la ciudadan\u00eda\u201d.<\/p>\n\n\n\n<p>Ante las acusaciones, Villaca\u00f1a Jim\u00e9nez demand\u00f3 a L\u00f3pez L\u00f3pez, a quien asegura no conocer, una disculpa p\u00fablica, pues no tiene pruebas que sustenten su dicho.<\/p>\n\n\n\n<figure class=\"wp-block-embed-twitter wp-block-embed is-type-rich is-provider-twitter\"><div class=\"wp-block-embed__wrapper\">\n<div class=\"twitter-tweet\"><blockquote class=\"twitter-tweet\" data-lang=\"es\"><p lang=\"es\" dir=\"ltr\"><a href=\"https:\/\/twitter.com\/hashtag\/ENVIVO?src=hash&amp;ref_src=twsrc%5Etfw\">#ENVIVO<\/a> <br>Oaxaca de Ju\u00e1rez, Oax., 15 de febrero de 2021.- Conferencia de prensa de Javier Villaca\u00f1a Jim\u00e9nez, respecto a los se\u00f1alamientos de militantes del PAN. <br>Aqu\u00ed la transmisi\u00f3n:<br>\ud83d\udc47<a href=\"https:\/\/t.co\/HGeIVj4Grk\">https:\/\/t.co\/HGeIVj4Grk<\/a> <a href=\"https:\/\/t.co\/AphsZdNUWm\">pic.twitter.com\/AphsZdNUWm<\/a><\/p>&mdash; Zona Roja Oaxaca (@Zona_Roja_Oax) <a href=\"https:\/\/twitter.com\/Zona_Roja_Oax\/status\/1361392552511946755?ref_src=twsrc%5Etfw\">15 de febrero de 2021<\/a><\/blockquote><\/div>\n<\/div><\/figure>\n\n\n\n<p>\u201cSe lo digo de frente, porque de no hacerlo, me va a ver obligado a tomar medidas legales porque yo no puedo permitir, eso no se puede permitir, que cualquier persona sin conocerme, nos denost\u00e9, agravie y lastime con se\u00f1alamientos que no son ciertos\u201d, sentenci\u00f3 el ex edil.<\/p>\n\n\n\n<p>Asegur\u00f3 que en su vida pol\u00edtica se ha desempe\u00f1ado con respeto a las mujeres, as\u00ed como en lo personal, mientras que en el \u00e1mbito del manejo del dinero p\u00fablico, lo respaldan 14 auditor\u00edas en su gesti\u00f3n, de las que en ning\u00fan caso se determin\u00f3 responsabilidad en el manejo de los recurso p\u00fablicos.<\/p>\n\n\n\n<p>Adem\u00e1s, indic\u00f3 que todos sus bienes los ha informado en base a lo que establece la ley, en sus declaraciones patrimoniales y en el 3 de 3.<\/p>\n\n\n\n<p>Villaca\u00f1a Jim\u00e9nez, quien desde hace varias semanas manifest\u00f3 su inter\u00e9s para abanderar el proyecto de la candidatura municipal en la capital por el PRI, dijo que estar\u00e1 pendiente de las determinaciones en el seno de su partido, as\u00ed como en c\u00f3mo se desarrolla el proceso en los otros partidos con los que en 38 municipios existen la posibilidad de las candidaturas comunes.<\/p>\n\n\n\n<figure class=\"wp-block-embed-twitter wp-block-embed is-type-rich is-provider-twitter\"><div class=\"wp-block-embed__wrapper\">\n<div class=\"twitter-tweet\"><blockquote class=\"twitter-tweet\" data-lang=\"es\"><p lang=\"es\" dir=\"ltr\">Javier Villaca\u00f1a Jim\u00e9nez (<a href=\"https:\/\/twitter.com\/JavierVillacana?ref_src=twsrc%5Etfw\">@JavierVillacana<\/a>) acepto que busca la presidencia municipal de Oaxaca de Ju\u00e1rez por el PRI y confi\u00f3 en que los dem\u00e1s partidos conformen una alianza com\u00fan. <br>Reproch\u00f3 las declaraciones infundadas de una militante del PAN y le pidi\u00f3 retractarse. <a href=\"https:\/\/t.co\/g5btWH7y3a\">pic.twitter.com\/g5btWH7y3a<\/a><\/p>&mdash; Zona Roja Oaxaca (@Zona_Roja_Oax) <a href=\"https:\/\/twitter.com\/Zona_Roja_Oax\/status\/1361404289013477377?ref_src=twsrc%5Etfw\">15 de febrero de 2021<\/a><\/blockquote><\/div>\n<\/div><\/figure>\n","protected":false},"excerpt":{"rendered":"<p>Yuridiana Sosa\/Zona Roja. Oaxaca de Ju\u00e1rez, Oax., 15 de febrero de 2021.- El aspirante a&hellip;<\/p>\n","protected":false},"author":2,"featured_media":23630,"comment_status":"closed","ping_status":"open","sticky":false,"template":"","format":"standard","meta":{"_lmt_disableupdate":"","_lmt_disable":"","_jetpack_memberships_contains_paid_content":false,"footnotes":""},"categories":[109,46],"tags":[2456],"class_list":["post-23629","post","type-post","status-publish","format-standard","has-post-thumbnail","hentry","category-minuto-a-minuto","category-zona-blanca","tag-javier-villacana-jimenez"],"jetpack_featured_media_url":"https:\/\/zonaroja.com.mx\/wp-content\/uploads\/2021\/02\/Javier-Villacana.jpg","jetpack_sharing_enabled":true,"_links":{"self":[{"href":"https:\/\/zonaroja.com.mx\/index.php?rest_route=\/wp\/v2\/posts\/23629","targetHints":{"allow":["GET"]}}],"collection":[{"href":"https:\/\/zonaroja.com.mx\/index.php?rest_route=\/wp\/v2\/posts"}],"about":[{"href":"https:\/\/zonaroja.com.mx\/index.php?rest_route=\/wp\/v2\/types\/post"}],"author":[{"embeddable":true,"href":"https:\/\/zonaroja.com.mx\/index.php?rest_route=\/wp\/v2\/users\/2"}],"replies":[{"embeddable":true,"href":"https:\/\/zonaroja.com.mx\/index.php?rest_route=%2Fwp%2Fv2%2Fcomments&post=23629"}],"version-history":[{"count":1,"href":"https:\/\/zonaroja.com.mx\/index.php?rest_route=\/wp\/v2\/posts\/23629\/revisions"}],"predecessor-version":[{"id":23631,"href":"https:\/\/zonaroja.com.mx\/index.php?rest_route=\/wp\/v2\/posts\/23629\/revisions\/23631"}],"wp:featuredmedia":[{"embeddable":true,"href":"https:\/\/zonaroja.com.mx\/index.php?rest_route=\/wp\/v2\/media\/23630"}],"wp:attachment":[{"href":"https:\/\/zonaroja.com.mx\/index.php?rest_route=%2Fwp%2Fv2%2Fmedia&parent=23629"}],"wp:term":[{"taxonomy":"category","embeddable":true,"href":"https:\/\/zonaroja.com.mx\/index.php?rest_route=%2Fwp%2Fv2%2Fcategories&post=23629"},{"taxonomy":"post_tag","embeddable":true,"href":"https:\/\/zonaroja.com.mx\/index.php?rest_route=%2Fwp%2Fv2%2Ftags&post=23629"}],"curies":[{"name":"wp","href":"https:\/\/api.w.org\/{rel}","templated":true}]}}