{"id":2363,"date":"2019-07-18T21:44:37","date_gmt":"2019-07-19T02:44:37","guid":{"rendered":"http:\/\/www.zonaroja.com.mx\/?p=2363"},"modified":"2019-07-18T21:44:39","modified_gmt":"2019-07-19T02:44:39","slug":"promueven-amparo-a-favor-de-mazapan-para-que-siga-libre-y-respeten-sus-derechos","status":"publish","type":"post","link":"https:\/\/zonaroja.com.mx\/?p=2363","title":{"rendered":"Promueven amparo a favor de \u201cMazap\u00e1n\u201d para que siga libre y respeten sus derechos"},"content":{"rendered":"\n<p>Redacci\u00f3n<\/p>\n\n\n\n<p>Oaxaca de\nJu\u00e1rez, Oax., 18 de julio de 2019.- El ciudadano Rufino Guillermo M\u00e9ndez\npromovi\u00f3 ante el Juez de Distrito en turno, con sede en San Bartolo Coyotepec,\nOaxaca, un amparo a favor del perro \u201cMazap\u00e1n\u201d, para que siga en libertad por\nlas calles de la capital y no se le recluya en un hogar.<\/p>\n\n\n\n<p>La semana\npasada, la asociaci\u00f3n civil \u201cGarras y Patas Conectando Amor\u201d dio a conocer a\ntrav\u00e9s de la red social Facebook que a petici\u00f3n de trabajadores de la Secretar\u00eda\nde Turismo, el famoso perro ya no saldr\u00eda m\u00e1s a las calles a participar de las\ncalendas, debido a que sufre estr\u00e9s, adem\u00e1s de que podr\u00eda poner en riesgo la\nintegridad f\u00edsica de los bailarines.<\/p>\n\n\n\n<p>Este viernes, el quejoso dio a conocer el documento en que pide el amparo y protecci\u00f3n de la justicia a favor de \u201cMazap\u00e1n\u201d, un perro mestizo que viv\u00eda en las calles de la capital, principalmente en el Andador Tur\u00edstico, y que se hizo famoso por participar en calendas, desfiles, carreras, entre otras actividades.<\/p>\n\n\n\n<figure class=\"wp-block-image\"><img decoding=\"async\" width=\"768\" height=\"1024\" src=\"http:\/\/www.zonaroja.com.mx\/wp-content\/uploads\/2019\/07\/04c50440-3bb6-443a-86db-7c1e93a116b6-1-768x1024.jpg\" alt=\"\" class=\"wp-image-2364\" srcset=\"https:\/\/zonaroja.com.mx\/wp-content\/uploads\/2019\/07\/04c50440-3bb6-443a-86db-7c1e93a116b6-1-768x1024.jpg 768w, https:\/\/zonaroja.com.mx\/wp-content\/uploads\/2019\/07\/04c50440-3bb6-443a-86db-7c1e93a116b6-1-225x300.jpg 225w, https:\/\/zonaroja.com.mx\/wp-content\/uploads\/2019\/07\/04c50440-3bb6-443a-86db-7c1e93a116b6-1-585x780.jpg 585w, https:\/\/zonaroja.com.mx\/wp-content\/uploads\/2019\/07\/04c50440-3bb6-443a-86db-7c1e93a116b6-1.jpg 960w\" sizes=\"(max-width: 768px) 100vw, 768px\" \/><\/figure>\n\n\n\n<p>El promovente\ndel amparo cit\u00f3 como responsables a las autoridades de procuraci\u00f3n e\nimpartici\u00f3n de justicia federal y estatal, as\u00ed como del ayuntamiento y de la\nSecretar\u00eda de Turismo, entre otros.<\/p>\n\n\n\n<p>Los se\u00f1al\u00f3\nasimismo a algunos de ellos de ejercer tortura, azotes, palos y tormentos a los\nanimales sintientes, como es el caso de \u201cMazap\u00e1n\u201d.<\/p>\n\n\n\n<p>Asimismo, por\nla omisi\u00f3n de ponerlo en libertad, como antes de ser privado de esa condici\u00f3n,\ny de todos sus derechos, en el z\u00f3calo y zonas conurbadas de la ciudad de\nOaxaca.<\/p>\n\n\n\n<p>Por ello,\npidi\u00f3 la protecci\u00f3n de la justicia federal a favor del perro calendero.<\/p>\n","protected":false},"excerpt":{"rendered":"<p>Redacci\u00f3n Oaxaca de Ju\u00e1rez, Oax., 18 de julio de 2019.- El ciudadano Rufino Guillermo M\u00e9ndez&hellip;<\/p>\n","protected":false},"author":2,"featured_media":2108,"comment_status":"closed","ping_status":"open","sticky":false,"template":"","format":"standard","meta":{"_lmt_disableupdate":"","_lmt_disable":"","_jetpack_memberships_contains_paid_content":false,"footnotes":""},"categories":[109,49],"tags":[],"class_list":["post-2363","post","type-post","status-publish","format-standard","has-post-thumbnail","hentry","category-minuto-a-minuto","category-zona-fresa"],"jetpack_featured_media_url":"https:\/\/zonaroja.com.mx\/wp-content\/uploads\/2019\/07\/Perro-Mazap\u00e1n-Oaxaca-2.jpg","jetpack_sharing_enabled":true,"_links":{"self":[{"href":"https:\/\/zonaroja.com.mx\/index.php?rest_route=\/wp\/v2\/posts\/2363","targetHints":{"allow":["GET"]}}],"collection":[{"href":"https:\/\/zonaroja.com.mx\/index.php?rest_route=\/wp\/v2\/posts"}],"about":[{"href":"https:\/\/zonaroja.com.mx\/index.php?rest_route=\/wp\/v2\/types\/post"}],"author":[{"embeddable":true,"href":"https:\/\/zonaroja.com.mx\/index.php?rest_route=\/wp\/v2\/users\/2"}],"replies":[{"embeddable":true,"href":"https:\/\/zonaroja.com.mx\/index.php?rest_route=%2Fwp%2Fv2%2Fcomments&post=2363"}],"version-history":[{"count":1,"href":"https:\/\/zonaroja.com.mx\/index.php?rest_route=\/wp\/v2\/posts\/2363\/revisions"}],"predecessor-version":[{"id":2365,"href":"https:\/\/zonaroja.com.mx\/index.php?rest_route=\/wp\/v2\/posts\/2363\/revisions\/2365"}],"wp:featuredmedia":[{"embeddable":true,"href":"https:\/\/zonaroja.com.mx\/index.php?rest_route=\/wp\/v2\/media\/2108"}],"wp:attachment":[{"href":"https:\/\/zonaroja.com.mx\/index.php?rest_route=%2Fwp%2Fv2%2Fmedia&parent=2363"}],"wp:term":[{"taxonomy":"category","embeddable":true,"href":"https:\/\/zonaroja.com.mx\/index.php?rest_route=%2Fwp%2Fv2%2Fcategories&post=2363"},{"taxonomy":"post_tag","embeddable":true,"href":"https:\/\/zonaroja.com.mx\/index.php?rest_route=%2Fwp%2Fv2%2Ftags&post=2363"}],"curies":[{"name":"wp","href":"https:\/\/api.w.org\/{rel}","templated":true}]}}