{"id":23632,"date":"2021-02-15T19:15:45","date_gmt":"2021-02-16T01:15:45","guid":{"rendered":"http:\/\/www.zonaroja.com.mx\/?p=23632"},"modified":"2021-02-15T19:15:48","modified_gmt":"2021-02-16T01:15:48","slug":"oaxaca-otra-vez-con-la-tasa-mas-alta-de-informalidad-en-2020-inegi","status":"publish","type":"post","link":"https:\/\/zonaroja.com.mx\/?p=23632","title":{"rendered":"Oaxaca, otra vez, con la tasa m\u00e1s alta de informalidad en 2020: Inegi"},"content":{"rendered":"\n<p>Yuridiana Sosa\/Zona Roja.<\/p>\n\n\n\n<p>Oaxaca de Ju\u00e1rez, Oax., 15 de febrero de 2021.- Al cierre del 2020, Oaxaca registr\u00f3 los niveles m\u00e1s altos de la informalidad laboral en M\u00e9xico, con una tasa de 78.5 por ciento.<\/p>\n\n\n\n<p>El reporte de la Encuesta Nacional de Ocupaci\u00f3n y Empleo Nueva Edici\u00f3n (ENOEN), del Inegi, al corte del cuarto trimestre de 2020, correspondiente a octubre-diciembre, arroj\u00f3 que a nivel nacional la tasa de informalidad en las localidades rurales fue de 78.2 por ciento en ese periodo, mientras que en las localidades m\u00e1s urbanizadas fue de 42.8 por ciento.<\/p>\n\n\n\n<p>Seguido de Oaxaca, los estados con est\u00e1ndares altos en informalidad laboral se encuentran Guerrero con 77.3 por ciento y Chiapas con 76.4 por ciento.<\/p>\n\n\n\n<p>Pero el mismo informe tambi\u00e9n dio a conocer que Oaxaca mantuvo tasas bajas en los niveles de desocupaci\u00f3n, al registrar en ese \u00faltimo trimestre, 1.7 por ciento, es decir, de los mejores estatus en este rubro.<\/p>\n\n\n\n<p>Mientras que las tasas m\u00e1s altas se reportaron en los estados de Quintana Roo con 8.4 por ciento, Tabasco con ocho por ciento y Quer\u00e9taro con siete por ciento.<\/p>\n\n\n\n<p>La ENOEN del Instituto Nacional de Estad\u00edstica y Geograf\u00eda se\u00f1al\u00f3 que durante el cuarto trimestre de 2020 la tasa de trabajo asalariado en Oaxaca fue de 46.3 por ciento.<\/p>\n\n\n\n<p>A nivel nacional, los resultados en el cuarto trimestre de 2020 respecto al mismo periodo de 2019 muestran una disminuci\u00f3n de menos 1.7 millones de personas en la Poblaci\u00f3n Econ\u00f3micamente Activa (PEA), al pasar de 57.6 millones a 55.9 millones activas.&nbsp;<\/p>\n\n\n\n<p>La poblaci\u00f3n ocupada fue de 53.3 millones de personas, con una disminuci\u00f3n de menos 2.4 millones. La poblaci\u00f3n ocupada en actividades terciarias descendi\u00f3 en menos 1.7 millones, con el&nbsp; mayor&nbsp; impacto en el sector de restaurantes y servicios de alojamiento.<\/p>\n\n\n\n<p>La ocupaci\u00f3n en micronegocios disminuy\u00f3 y la poblaci\u00f3n subocupada aument\u00f3 en 3.8 millones, al pasar de 4.3 a 8.1 millones.<\/p>\n\n\n\n<p>La Encuesta expone que la tasa de desocupaci\u00f3n aument\u00f3 1.2 puntos porcentuales al pasar de 3.4 por ciento a 4.6 por ciento a nivel nacional.<\/p>\n","protected":false},"excerpt":{"rendered":"<p>Yuridiana Sosa\/Zona Roja. Oaxaca de Ju\u00e1rez, Oax., 15 de febrero de 2021.- Al cierre del&hellip;<\/p>\n","protected":false},"author":2,"featured_media":23633,"comment_status":"closed","ping_status":"open","sticky":false,"template":"","format":"standard","meta":{"_lmt_disableupdate":"","_lmt_disable":"","_jetpack_memberships_contains_paid_content":false,"footnotes":""},"categories":[109,47],"tags":[1702],"class_list":["post-23632","post","type-post","status-publish","format-standard","has-post-thumbnail","hentry","category-minuto-a-minuto","category-zona-gris","tag-encuesta-nacional-de-ocupacion-y-empleo-enoe"],"jetpack_featured_media_url":"https:\/\/zonaroja.com.mx\/wp-content\/uploads\/2021\/02\/Ambulantaje-Ciudad-de-Oaxaca.jpg","jetpack_sharing_enabled":true,"_links":{"self":[{"href":"https:\/\/zonaroja.com.mx\/index.php?rest_route=\/wp\/v2\/posts\/23632","targetHints":{"allow":["GET"]}}],"collection":[{"href":"https:\/\/zonaroja.com.mx\/index.php?rest_route=\/wp\/v2\/posts"}],"about":[{"href":"https:\/\/zonaroja.com.mx\/index.php?rest_route=\/wp\/v2\/types\/post"}],"author":[{"embeddable":true,"href":"https:\/\/zonaroja.com.mx\/index.php?rest_route=\/wp\/v2\/users\/2"}],"replies":[{"embeddable":true,"href":"https:\/\/zonaroja.com.mx\/index.php?rest_route=%2Fwp%2Fv2%2Fcomments&post=23632"}],"version-history":[{"count":1,"href":"https:\/\/zonaroja.com.mx\/index.php?rest_route=\/wp\/v2\/posts\/23632\/revisions"}],"predecessor-version":[{"id":23634,"href":"https:\/\/zonaroja.com.mx\/index.php?rest_route=\/wp\/v2\/posts\/23632\/revisions\/23634"}],"wp:featuredmedia":[{"embeddable":true,"href":"https:\/\/zonaroja.com.mx\/index.php?rest_route=\/wp\/v2\/media\/23633"}],"wp:attachment":[{"href":"https:\/\/zonaroja.com.mx\/index.php?rest_route=%2Fwp%2Fv2%2Fmedia&parent=23632"}],"wp:term":[{"taxonomy":"category","embeddable":true,"href":"https:\/\/zonaroja.com.mx\/index.php?rest_route=%2Fwp%2Fv2%2Fcategories&post=23632"},{"taxonomy":"post_tag","embeddable":true,"href":"https:\/\/zonaroja.com.mx\/index.php?rest_route=%2Fwp%2Fv2%2Ftags&post=23632"}],"curies":[{"name":"wp","href":"https:\/\/api.w.org\/{rel}","templated":true}]}}