{"id":23635,"date":"2021-02-15T21:08:31","date_gmt":"2021-02-16T03:08:31","guid":{"rendered":"http:\/\/www.zonaroja.com.mx\/?p=23635"},"modified":"2021-02-15T21:10:56","modified_gmt":"2021-02-16T03:10:56","slug":"seccion-35-del-sntsa-en-el-istmo-amaga-con-paro-por-incumplimiento-en-vacunas-yuridiana-sosa-zona-roja","status":"publish","type":"post","link":"https:\/\/zonaroja.com.mx\/?p=23635","title":{"rendered":"Secci\u00f3n 35 del SNTSA en el Istmo amaga con paro por incumplimiento en vacunas"},"content":{"rendered":"\n<p>Yuridiana Sosa\/Zona Roja.<\/p>\n\n\n\n<p>Oaxaca de Ju\u00e1rez, Oax.- 15 de febrero de 2021.- Personal agremiado a la Secci\u00f3n 35 del Sindicato Nacional de Trabajadores de la Secretar\u00eda de Salud, en la regi\u00f3n del Istmo, amag\u00f3 con iniciar un paro de labores y no participar en la vacunaci\u00f3n contra Covid de la poblaci\u00f3n en general, de no contar con inmunol\u00f3gicos para todo el sector.<\/p>\n\n\n\n<p>Ante la falta de respuesta de los Servicios de Salud de Oaxaca (SSO) a su petici\u00f3n desde el pasado 22 de enero, para que m\u00e9dicos, enfermeras y dem\u00e1s trabajadores de las distintas \u00e1reas accedan a la vacuna contra el Covid, la Jurisdicci\u00f3n Sanitaria n\u00famero 2, del Istmo, anunci\u00f3 una protesta como medida de presi\u00f3n.<\/p>\n\n\n\n<p>Los trabajadores advirtieron que el personal de salud no iniciar\u00e1 el proceso de vacunaci\u00f3n a la poblaci\u00f3n en general hasta que no se aplique el biol\u00f3gico a todos , entre ellos los del \u00e1rea administrativa que fueron excluidos en la primera jornada en enero.<\/p>\n\n\n\n<p>Por esa situaci\u00f3n, los integrantes de la Secci\u00f3n 35 del SNTSA en el Istmo emplazaron al Gobierno del Estado a que el 17 de febrero, a m\u00e1s tardar, ofrezca una respuesta a su petici\u00f3n o iniciar\u00e1n una asamblea permanente en todos los centros de trabajo, hasta conseguir una soluci\u00f3n favorable.<\/p>\n\n\n\n<p>Durante la primera jornada de vacunaci\u00f3n al personal de salud, los trabajadores de distintos hospitales de la entidad manifestaron su inconformidad por la exclusi\u00f3n a los integrantes de \u00e1reas administrativas pero que laboraban en centros de atenci\u00f3n Covid, mientras se daba lugar a personal de otros nosocomios que no se encuentran en primera l\u00ednea de batalla.<\/p>\n","protected":false},"excerpt":{"rendered":"<p>Yuridiana Sosa\/Zona Roja. Oaxaca de Ju\u00e1rez, Oax.- 15 de febrero de 2021.- Personal agremiado a&hellip;<\/p>\n","protected":false},"author":2,"featured_media":23636,"comment_status":"closed","ping_status":"open","sticky":false,"template":"","format":"standard","meta":{"_lmt_disableupdate":"","_lmt_disable":"","_jetpack_memberships_contains_paid_content":false,"footnotes":""},"categories":[109,47],"tags":[1512],"class_list":["post-23635","post","type-post","status-publish","format-standard","has-post-thumbnail","hentry","category-minuto-a-minuto","category-zona-gris","tag-coronavirus-oaxaca"],"jetpack_featured_media_url":"https:\/\/zonaroja.com.mx\/wp-content\/uploads\/2021\/02\/Sindicalizados-vacunacion-Istmo.jpg","jetpack_sharing_enabled":true,"_links":{"self":[{"href":"https:\/\/zonaroja.com.mx\/index.php?rest_route=\/wp\/v2\/posts\/23635","targetHints":{"allow":["GET"]}}],"collection":[{"href":"https:\/\/zonaroja.com.mx\/index.php?rest_route=\/wp\/v2\/posts"}],"about":[{"href":"https:\/\/zonaroja.com.mx\/index.php?rest_route=\/wp\/v2\/types\/post"}],"author":[{"embeddable":true,"href":"https:\/\/zonaroja.com.mx\/index.php?rest_route=\/wp\/v2\/users\/2"}],"replies":[{"embeddable":true,"href":"https:\/\/zonaroja.com.mx\/index.php?rest_route=%2Fwp%2Fv2%2Fcomments&post=23635"}],"version-history":[{"count":2,"href":"https:\/\/zonaroja.com.mx\/index.php?rest_route=\/wp\/v2\/posts\/23635\/revisions"}],"predecessor-version":[{"id":23638,"href":"https:\/\/zonaroja.com.mx\/index.php?rest_route=\/wp\/v2\/posts\/23635\/revisions\/23638"}],"wp:featuredmedia":[{"embeddable":true,"href":"https:\/\/zonaroja.com.mx\/index.php?rest_route=\/wp\/v2\/media\/23636"}],"wp:attachment":[{"href":"https:\/\/zonaroja.com.mx\/index.php?rest_route=%2Fwp%2Fv2%2Fmedia&parent=23635"}],"wp:term":[{"taxonomy":"category","embeddable":true,"href":"https:\/\/zonaroja.com.mx\/index.php?rest_route=%2Fwp%2Fv2%2Fcategories&post=23635"},{"taxonomy":"post_tag","embeddable":true,"href":"https:\/\/zonaroja.com.mx\/index.php?rest_route=%2Fwp%2Fv2%2Ftags&post=23635"}],"curies":[{"name":"wp","href":"https:\/\/api.w.org\/{rel}","templated":true}]}}