{"id":23639,"date":"2021-02-15T21:35:23","date_gmt":"2021-02-16T03:35:23","guid":{"rendered":"http:\/\/www.zonaroja.com.mx\/?p=23639"},"modified":"2021-02-15T21:35:27","modified_gmt":"2021-02-16T03:35:27","slug":"fortalecen-educacion-bilingue-intercultural-en-oaxaca-con-diplomados","status":"publish","type":"post","link":"https:\/\/zonaroja.com.mx\/?p=23639","title":{"rendered":"Fortalecen educaci\u00f3n biling\u00fce intercultural en Oaxaca con diplomados"},"content":{"rendered":"\n<p>Redacci\u00f3n\/Zona Roja.<\/p>\n\n\n\n<p>Oaxaca de Ju\u00e1rez, Oax., 15 de febrero de 2021.- A fin de fortalecer la educaci\u00f3n biling\u00fce intercultural en Oaxaca y contribuir a mantener vivas las lenguas ind\u00edgenas, el Instituto Estatal de Educaci\u00f3n P\u00fablica de Oaxaca (IEEPO) clausur\u00f3 los trabajos de los diplomados \u201cHacia una educaci\u00f3n culturalmente pertinente: Pedagog\u00eda inductiva intercultural y conocimientos comunitarios\u201d y \u201cDise\u00f1o de materiales educativos en lenguas ind\u00edgenas\u201d.<\/p>\n\n\n\n<p>Los estudios especializados, impartidos de forma paralela y en la modalidad a distancia en una colaboraci\u00f3n conjunta con el Centro de Investigaciones y Estudios Superiores en Antropolog\u00eda Social (CIESAS), Pac\u00edfico Sur, contaron con la participaci\u00f3n de 117 supervisores, directores y docentes de los niveles de educaci\u00f3n preescolar y primaria del medio ind\u00edgena de diferentes regiones de la entidad.<\/p>\n\n\n\n<p>En su mensaje, el director general del IEEPO, Francisco \u00c1ngel Villarreal, destac\u00f3 la disposici\u00f3n y responsabilidad de las y los docentes, que a pesar del confinamiento por la pandemia mantienen la comunicaci\u00f3n y asesor\u00eda constante con las comunidades, autoridades, padres de familia y alumnos; de igual manera, contin\u00faan capacit\u00e1ndose para fortalecer sus habilidades y seguir generando herramientas acad\u00e9micas con las que brindan acompa\u00f1amiento pedag\u00f3gico a sus alumnos.<\/p>\n\n\n\n<p>Indic\u00f3 que la serie de tem\u00e1ticas durante el desarrollo de los diplomados retomaron aspectos propios de la cultura y del territorio de los pueblos originarios, ya que los contenidos fueron pensados por las sugerencias y propuestas pedag\u00f3gicas de las y los maestros con la finalidad de acercarse a la producci\u00f3n de materiales did\u00e1cticos biling\u00fces con pertinencia sociocultural.<\/p>\n\n\n\n<p>Ante la directora regional del Centro de Investigaciones y Estudios Superiores en Antropolog\u00eda Social (CIESAS), Pac\u00edfico Sur, Daniela Traffano y las coordinadoras acad\u00e9micas \u00c9rica Gonz\u00e1lez Apodaca y Mar\u00eda Luisa Matus Pineda, reiter\u00f3 el compromiso del IEEPO por seguir trabajando en beneficio de la ni\u00f1ez ind\u00edgena oaxaque\u00f1a, con el apoyo del magisterio.<\/p>\n\n\n\n<p>\u201cCelebro que con el trabajo que ustedes los maestros y las maestras est\u00e1n realizando, preocupados en su formaci\u00f3n profesional, contribuya para mantener vivas nuestras lenguas originarias en la entidad mediante la ense\u00f1anza y elaboraci\u00f3n de materiales biling\u00fces\u201d, manifest\u00f3.<\/p>\n\n\n\n<p>En este sentido, puntualiz\u00f3 que la creatividad que las y los docentes ponen en pr\u00e1ctica, incluso las experiencias que compartieron al incluir a sus alumnos en la elaboraci\u00f3n de textos en sus lenguas maternas, confirma la importancia que tienen los saberes de nuestros pueblos originarios y como aliados, en el fortalecimiento de la identidad desde el trabajo escolar.<\/p>\n\n\n\n<p>En tanto, la directora regional del CIESAS Pac\u00edfico Sur, felicit\u00f3 a las y los maestros que concluyeron esta actividad acad\u00e9mica, la cual tambi\u00e9n fue un espacio de intercambio de experiencias, conocimientos, reflexiones y di\u00e1logos que llegaron a buen t\u00e9rmino, a pesar de las condiciones por la emergencia sanitaria y algunas dificultades en la conectividad que con responsabilidad superaron los diplomantes.<\/p>\n\n\n\n<p>En el marco de la clausura de los diplomados realizados a trav\u00e9s del Programa Atenci\u00f3n a la Diversidad de la Educaci\u00f3n Ind\u00edgena (PADEI), se llev\u00f3 a cabo la presentaci\u00f3n de materiales did\u00e1cticos producidos por docentes, como un calendario socionatural para la comunidad de Leyes de Reforma en San Jos\u00e9 Chiltepec; la corta de Chepiles y elaboraci\u00f3n de tamales, de Magdalena Teitipac, Tlacolula y un mapa vivo del r\u00edo y sus canales de riego para el cultivo de ma\u00edz de San Pedro Tida\u00e1.&nbsp;<\/p>\n","protected":false},"excerpt":{"rendered":"<p>Redacci\u00f3n\/Zona Roja. Oaxaca de Ju\u00e1rez, Oax., 15 de febrero de 2021.- A fin de fortalecer&hellip;<\/p>\n","protected":false},"author":2,"featured_media":23640,"comment_status":"closed","ping_status":"open","sticky":false,"template":"","format":"standard","meta":{"_lmt_disableupdate":"","_lmt_disable":"","_jetpack_memberships_contains_paid_content":false,"footnotes":""},"categories":[109,46],"tags":[599],"class_list":["post-23639","post","type-post","status-publish","format-standard","has-post-thumbnail","hentry","category-minuto-a-minuto","category-zona-blanca","tag-instituto-estatal-de-educacion-publica-de-oaxaca"],"jetpack_featured_media_url":"https:\/\/zonaroja.com.mx\/wp-content\/uploads\/2021\/02\/2-1.jpg","jetpack_sharing_enabled":true,"_links":{"self":[{"href":"https:\/\/zonaroja.com.mx\/index.php?rest_route=\/wp\/v2\/posts\/23639","targetHints":{"allow":["GET"]}}],"collection":[{"href":"https:\/\/zonaroja.com.mx\/index.php?rest_route=\/wp\/v2\/posts"}],"about":[{"href":"https:\/\/zonaroja.com.mx\/index.php?rest_route=\/wp\/v2\/types\/post"}],"author":[{"embeddable":true,"href":"https:\/\/zonaroja.com.mx\/index.php?rest_route=\/wp\/v2\/users\/2"}],"replies":[{"embeddable":true,"href":"https:\/\/zonaroja.com.mx\/index.php?rest_route=%2Fwp%2Fv2%2Fcomments&post=23639"}],"version-history":[{"count":1,"href":"https:\/\/zonaroja.com.mx\/index.php?rest_route=\/wp\/v2\/posts\/23639\/revisions"}],"predecessor-version":[{"id":23641,"href":"https:\/\/zonaroja.com.mx\/index.php?rest_route=\/wp\/v2\/posts\/23639\/revisions\/23641"}],"wp:featuredmedia":[{"embeddable":true,"href":"https:\/\/zonaroja.com.mx\/index.php?rest_route=\/wp\/v2\/media\/23640"}],"wp:attachment":[{"href":"https:\/\/zonaroja.com.mx\/index.php?rest_route=%2Fwp%2Fv2%2Fmedia&parent=23639"}],"wp:term":[{"taxonomy":"category","embeddable":true,"href":"https:\/\/zonaroja.com.mx\/index.php?rest_route=%2Fwp%2Fv2%2Fcategories&post=23639"},{"taxonomy":"post_tag","embeddable":true,"href":"https:\/\/zonaroja.com.mx\/index.php?rest_route=%2Fwp%2Fv2%2Ftags&post=23639"}],"curies":[{"name":"wp","href":"https:\/\/api.w.org\/{rel}","templated":true}]}}